{"id":5191,"date":"2026-02-20T20:26:01","date_gmt":"2026-02-20T20:26:01","guid":{"rendered":"https:\/\/indasocial.com\/INDA\/?p=5191"},"modified":"2026-02-20T20:29:13","modified_gmt":"2026-02-20T20:29:13","slug":"talentmx26","status":"publish","type":"post","link":"https:\/\/indasocial.com\/INDA\/2026\/02\/20\/talentmx26\/","title":{"rendered":"TALENT LAND 2026: Llega a CDMX con una agenda enfocada en el futuro del talento."},"content":{"rendered":"\n<p class=\"has-black-color has-text-color has-link-color wp-elements-d6d0e2654217ce05433f74a7a582e680\"><em>CIUDAD DE M\u00c9XICO, 10 de febrero de 2026.<\/em> Despu\u00e9s de ocho ediciones que consolidaron a <strong><a href=\"https:\/\/talent-land.mx\/\" data-type=\"link\" data-id=\"https:\/\/talent-land.mx\/\" target=\"_blank\" rel=\"noreferrer noopener\">Talent Land<\/a><\/strong> como uno de los encuentros de tecnolog\u00eda e innovaci\u00f3n m\u00e1s relevantes del pa\u00eds, el evento inicia una nueva etapa con su llegada a la Ciudad de M\u00e9xico. <strong><a href=\"https:\/\/talent-land.mx\/\" target=\"_blank\" rel=\"noreferrer noopener\">Talent Land M\u00e9xico 2026<\/a><\/strong>, que se celebrar\u00e1 del <strong>7 al 9 de abril en Expo Santa Fe<\/strong>, refuerza su misi\u00f3n: ayudar al talento a mantenerse relevante en la era de la Inteligencia Artificial, acelerando su evoluci\u00f3n profesional rodeado de conocimiento, experiencias y comunidad.<br><br>M\u00e1s que un cambio de sede, la edici\u00f3n 2026 representa una evoluci\u00f3n en el fondo del evento: pasar de hablar de tendencias a ofrecer herramientas para adaptarse, aprender y crecer en un entorno profesional en constante transformaci\u00f3n.<\/p>\n\n\n\n<figure class=\"wp-block-image size-large\"><img loading=\"lazy\" decoding=\"async\" width=\"1160\" height=\"775\" src=\"https:\/\/indasocial.com\/INDA\/wp-content\/uploads\/2026\/02\/Talent-Land-2026-8-1160x775.jpeg\" alt=\"\" class=\"wp-image-5196\" srcset=\"https:\/\/indasocial.com\/INDA\/wp-content\/uploads\/2026\/02\/Talent-Land-2026-8-1160x775.jpeg 1160w, https:\/\/indasocial.com\/INDA\/wp-content\/uploads\/2026\/02\/Talent-Land-2026-8-800x534.jpeg 800w, https:\/\/indasocial.com\/INDA\/wp-content\/uploads\/2026\/02\/Talent-Land-2026-8-150x100.jpeg 150w, https:\/\/indasocial.com\/INDA\/wp-content\/uploads\/2026\/02\/Talent-Land-2026-8-300x200.jpeg 300w, https:\/\/indasocial.com\/INDA\/wp-content\/uploads\/2026\/02\/Talent-Land-2026-8-696x465.jpeg 696w, https:\/\/indasocial.com\/INDA\/wp-content\/uploads\/2026\/02\/Talent-Land-2026-8-1068x713.jpeg 1068w, https:\/\/indasocial.com\/INDA\/wp-content\/uploads\/2026\/02\/Talent-Land-2026-8.jpeg 1280w\" sizes=\"(max-width: 1160px) 100vw, 1160px\" \/><\/figure>\n\n\n\n<h2 class=\"wp-block-heading has-black-color has-text-color has-link-color wp-elements-6fea3753d156124c0424bfd5457ee178\">Una experiencia dise\u00f1ada para el aprendizaje continuo.  <\/h2>\n\n\n\n<p class=\"has-black-color has-text-color has-link-color wp-elements-2e52cdc73f5088c2749685d276f2bfd3\">Durante tres d\u00edas, <strong><a href=\"https:\/\/talent-land.mx\/\" target=\"_blank\" rel=\"noreferrer noopener\">Talent Land M\u00e9xico 2026 <\/a><\/strong>ofrecer\u00e1 m\u00e1s de 400 horas de contenido, con actividades simult\u00e1neas en 8 escenarios que operar\u00e1n de 10 de la ma\u00f1ana a medianoche.<\/p>\n\n\n\n<p class=\"has-black-color has-text-color has-link-color wp-elements-c9f16f40188869301284dfd37ac9c33c\">La programaci\u00f3n contempla m\u00e1s de 500 conferencias y ponentes, abordando desde inteligencia artificial aplicada y desarrollo de software, hasta negocios, marketing, ciencia, educaci\u00f3n, creaci\u00f3n de contenido y cultura digital.<\/p>\n\n\n\n<p class=\"has-black-color has-text-color has-link-color wp-elements-18c8947201e774934579b8119e9d2b2f\">Los contenidos del evento se articulan a trav\u00e9s de <em>Seis Tierras Tem\u00e1ticas<\/em>, dise\u00f1adas como ejes de aprendizaje para la actualizaci\u00f3n profesional. Espacios como Developer Land abordan el impacto de la inteligencia artificial y el desarrollo tecnol\u00f3gico; Business Land e Investor Land se enfocan en estrategia, emprendimiento y toma de decisiones; mientras que Creator Land explora la creatividad, la comunicaci\u00f3n y las industrias digitales como \u00e1mbitos profesionales. Health Land y Future Land ampl\u00edan la conversaci\u00f3n hacia el bienestar, la prevenci\u00f3n y las habilidades del futuro, con el Main Stage como el escenario central donde convergen las ideas que definen la evoluci\u00f3n del talento.<\/p>\n\n\n\n<figure class=\"wp-block-image size-large\"><img loading=\"lazy\" decoding=\"async\" width=\"1160\" height=\"775\" src=\"https:\/\/indasocial.com\/INDA\/wp-content\/uploads\/2026\/02\/Talent-Land-2026-16-1160x775.jpeg\" alt=\"\" class=\"wp-image-5198\" srcset=\"https:\/\/indasocial.com\/INDA\/wp-content\/uploads\/2026\/02\/Talent-Land-2026-16-1160x775.jpeg 1160w, https:\/\/indasocial.com\/INDA\/wp-content\/uploads\/2026\/02\/Talent-Land-2026-16-800x534.jpeg 800w, https:\/\/indasocial.com\/INDA\/wp-content\/uploads\/2026\/02\/Talent-Land-2026-16-150x100.jpeg 150w, https:\/\/indasocial.com\/INDA\/wp-content\/uploads\/2026\/02\/Talent-Land-2026-16-300x200.jpeg 300w, https:\/\/indasocial.com\/INDA\/wp-content\/uploads\/2026\/02\/Talent-Land-2026-16-696x465.jpeg 696w, https:\/\/indasocial.com\/INDA\/wp-content\/uploads\/2026\/02\/Talent-Land-2026-16-1068x713.jpeg 1068w, https:\/\/indasocial.com\/INDA\/wp-content\/uploads\/2026\/02\/Talent-Land-2026-16.jpeg 1280w\" sizes=\"(max-width: 1160px) 100vw, 1160px\" \/><\/figure>\n\n\n\n<figure class=\"wp-block-image size-large\"><img loading=\"lazy\" decoding=\"async\" width=\"1160\" height=\"775\" src=\"https:\/\/indasocial.com\/INDA\/wp-content\/uploads\/2026\/02\/Talent-Land-2026-13-1160x775.jpeg\" alt=\"\" class=\"wp-image-5197\" srcset=\"https:\/\/indasocial.com\/INDA\/wp-content\/uploads\/2026\/02\/Talent-Land-2026-13-1160x775.jpeg 1160w, https:\/\/indasocial.com\/INDA\/wp-content\/uploads\/2026\/02\/Talent-Land-2026-13-800x534.jpeg 800w, https:\/\/indasocial.com\/INDA\/wp-content\/uploads\/2026\/02\/Talent-Land-2026-13-150x100.jpeg 150w, https:\/\/indasocial.com\/INDA\/wp-content\/uploads\/2026\/02\/Talent-Land-2026-13-300x200.jpeg 300w, https:\/\/indasocial.com\/INDA\/wp-content\/uploads\/2026\/02\/Talent-Land-2026-13-696x465.jpeg 696w, https:\/\/indasocial.com\/INDA\/wp-content\/uploads\/2026\/02\/Talent-Land-2026-13-1068x713.jpeg 1068w, https:\/\/indasocial.com\/INDA\/wp-content\/uploads\/2026\/02\/Talent-Land-2026-13.jpeg 1280w\" sizes=\"(max-width: 1160px) 100vw, 1160px\" \/><\/figure>\n\n\n\n<h2 class=\"wp-block-heading has-black-color has-text-color has-link-color wp-elements-f873a41a3a0fe93fdd513e9e9c0a09ad\">Ponentes que impulsan el pensamiento, la creaci\u00f3n y la adaptaci\u00f3n.<\/h2>\n\n\n\n<p class=\"has-black-color has-text-color has-link-color wp-elements-3139ed7558303835760d75847e65b394\">El lineup de <strong><a href=\"https:\/\/talent-land.mx\/\" target=\"_blank\" rel=\"noreferrer noopener\">Talent Land M\u00e9xico 2026<\/a><\/strong> re\u00fane a referentes reconocidos por convertir la complejidad tecnol\u00f3gica, cient\u00edfica y social en conocimiento accionable. A lo largo de la programaci\u00f3n, los asistentes encontrar\u00e1n contenidos orientados a fortalecer el pensamiento cr\u00edtico, comprender c\u00f3mo funciona la tecnolog\u00eda que define el presente y adquirir herramientas pr\u00e1cticas para su evoluci\u00f3n profesional.<br><br>En esta edici\u00f3n participan voces como<em> Jordi Wild y Javier Santaolalla<\/em>, con reflexiones sobre ciencia, cultura digital y toma de decisiones; perfiles t\u00e9cnicos como <em>Nate Gentile, Brais Moure, Juan Lombana, Julioprofe y Jon Hern\u00e1ndez; as\u00ed como referentes en negocios, comunicaci\u00f3n y desarrollo personal como Vilma N\u00fa\u00f1ez, Marcus Dantus, Fernanda Guarro, Ophelia Pastrana, Roberto Mart\u00ednez, Farid Dieck, Uri Sabat, Aythami Soto, Roxanna Falasco, Romuald Fons, Pablo Gil, \u00c1ngel Pardo y Sergio Camus,<\/em> quienes abordar\u00e1n desde tecnolog\u00eda y negocios hasta creatividad y construcci\u00f3n de valor profesional.<\/p>\n\n\n\n<figure class=\"wp-block-image size-large\"><img loading=\"lazy\" decoding=\"async\" width=\"1160\" height=\"775\" src=\"https:\/\/indasocial.com\/INDA\/wp-content\/uploads\/2026\/02\/Talent-Land-2026-22-1160x775.jpeg\" alt=\"\" class=\"wp-image-5199\" srcset=\"https:\/\/indasocial.com\/INDA\/wp-content\/uploads\/2026\/02\/Talent-Land-2026-22-1160x775.jpeg 1160w, https:\/\/indasocial.com\/INDA\/wp-content\/uploads\/2026\/02\/Talent-Land-2026-22-800x534.jpeg 800w, https:\/\/indasocial.com\/INDA\/wp-content\/uploads\/2026\/02\/Talent-Land-2026-22-150x100.jpeg 150w, https:\/\/indasocial.com\/INDA\/wp-content\/uploads\/2026\/02\/Talent-Land-2026-22-300x200.jpeg 300w, https:\/\/indasocial.com\/INDA\/wp-content\/uploads\/2026\/02\/Talent-Land-2026-22-696x465.jpeg 696w, https:\/\/indasocial.com\/INDA\/wp-content\/uploads\/2026\/02\/Talent-Land-2026-22-1068x713.jpeg 1068w, https:\/\/indasocial.com\/INDA\/wp-content\/uploads\/2026\/02\/Talent-Land-2026-22.jpeg 1280w\" sizes=\"(max-width: 1160px) 100vw, 1160px\" \/><\/figure>\n\n\n\n<h2 class=\"wp-block-heading has-black-color has-text-color has-link-color wp-elements-72ed99ede59041eb3c99e2a30e797454\">Talento sin edad: evolucionar para seguir siendo relevante<\/h2>\n\n\n\n<p class=\"has-black-color has-text-color has-link-color wp-elements-cd6e2c7ca7eb162d22c05840f3bc9f5d\"><strong><a href=\"https:\/\/talent-land.mx\/\" target=\"_blank\" rel=\"noreferrer noopener\">Talent Land M\u00e9xico <\/a><\/strong>cree en el talento en todas sus expresiones. Por eso, adem\u00e1s de su agenda de contenidos, el evento integra hackathones y competencias de alto impacto donde las ideas se convierten en soluciones y el talento se demuestra en acci\u00f3n.<br><br>El <strong>Talent Hackathon<\/strong> ser\u00e1 el eje central de estas din\u00e1micas, planteando retos reales que exigen ejecuci\u00f3n, trabajo en equipo y toma de decisiones bajo presi\u00f3n, con el acompa\u00f1amiento de aliados estrat\u00e9gicos de la industria como <em>Fundaci\u00f3n Coppel, Capital One, McDonald\u2019s y Electra de Grupo Salinas<\/em>, entre otros, que apuestan por Talent Land como un espacio para identificar y activar talento con potencial real.<\/p>\n\n\n\n<p class=\"has-black-color has-text-color has-link-color wp-elements-c7d0280ca05d011478ba315920948413\">Estas competencias contar\u00e1n con incentivos econ\u00f3micos que, en conjunto, superar\u00e1n el medio mill\u00f3n de pesos, adem\u00e1s de mentor\u00eda, visibilidad y vinculaci\u00f3n directa con empresas, reforzando el car\u00e1cter pr\u00e1ctico del evento y su enfoque: Learn, Connect and Compete.<br><br>La programaci\u00f3n se complementa con <em>DJ Promises<\/em>, una competencia internacional que ampl\u00eda la noci\u00f3n de talento m\u00e1s all\u00e1 de lo tecnol\u00f3gico, integrando la m\u00fasica y la creatividad como parte del ecosistema Talent Land, en alianza con <strong><a href=\"https:\/\/www.academy.tomorrowland.com\/\" target=\"_blank\" rel=\"noreferrer noopener\">Tomorrowland Academy,<\/a><\/strong> ofreciendo formaci\u00f3n especializada y proyecci\u00f3n internacional a nuevos talentos.<\/p>\n\n\n\n<figure class=\"wp-block-image size-large\"><a href=\"https:\/\/talent-land.mx\/\"><img loading=\"lazy\" decoding=\"async\" width=\"1160\" height=\"589\" src=\"https:\/\/indasocial.com\/INDA\/wp-content\/uploads\/2026\/02\/Captura-de-pantalla-2026-02-20-a-las-2.21.47\u202fp.m-1160x589.png\" alt=\"\" class=\"wp-image-5202\" srcset=\"https:\/\/indasocial.com\/INDA\/wp-content\/uploads\/2026\/02\/Captura-de-pantalla-2026-02-20-a-las-2.21.47\u202fp.m-1160x589.png 1160w, https:\/\/indasocial.com\/INDA\/wp-content\/uploads\/2026\/02\/Captura-de-pantalla-2026-02-20-a-las-2.21.47\u202fp.m-800x406.png 800w, https:\/\/indasocial.com\/INDA\/wp-content\/uploads\/2026\/02\/Captura-de-pantalla-2026-02-20-a-las-2.21.47\u202fp.m-1536x779.png 1536w, https:\/\/indasocial.com\/INDA\/wp-content\/uploads\/2026\/02\/Captura-de-pantalla-2026-02-20-a-las-2.21.47\u202fp.m-2048x1039.png 2048w, https:\/\/indasocial.com\/INDA\/wp-content\/uploads\/2026\/02\/Captura-de-pantalla-2026-02-20-a-las-2.21.47\u202fp.m-150x76.png 150w, https:\/\/indasocial.com\/INDA\/wp-content\/uploads\/2026\/02\/Captura-de-pantalla-2026-02-20-a-las-2.21.47\u202fp.m-300x152.png 300w, https:\/\/indasocial.com\/INDA\/wp-content\/uploads\/2026\/02\/Captura-de-pantalla-2026-02-20-a-las-2.21.47\u202fp.m-696x353.png 696w, https:\/\/indasocial.com\/INDA\/wp-content\/uploads\/2026\/02\/Captura-de-pantalla-2026-02-20-a-las-2.21.47\u202fp.m-1068x542.png 1068w, https:\/\/indasocial.com\/INDA\/wp-content\/uploads\/2026\/02\/Captura-de-pantalla-2026-02-20-a-las-2.21.47\u202fp.m-1920x974.png 1920w\" sizes=\"(max-width: 1160px) 100vw, 1160px\" \/><\/a><\/figure>\n\n\n\n<p><\/p>\n\n\n\n<p><\/p>\n\n\n\n<p><\/p>\n\n\n\n<p><\/p>\n","protected":false},"excerpt":{"rendered":"<p>CIUDAD DE M\u00c9XICO, 10 de febrero de 2026. Despu\u00e9s de ocho ediciones que consolidaron a Talent Land como uno de los encuentros de tecnolog\u00eda e innovaci\u00f3n m\u00e1s relevantes del pa\u00eds, el evento inicia una nueva etapa con su llegada a la Ciudad de M\u00e9xico. Talent Land M\u00e9xico 2026, que se celebrar\u00e1 del 7 al 9 [&hellip;]<\/p>\n","protected":false},"author":1,"featured_media":5200,"comment_status":"open","ping_status":"closed","sticky":false,"template":"","format":"standard","meta":{"footnotes":""},"categories":[15,10],"tags":[966,259,967,968],"_links":{"self":[{"href":"https:\/\/indasocial.com\/INDA\/wp-json\/wp\/v2\/posts\/5191"}],"collection":[{"href":"https:\/\/indasocial.com\/INDA\/wp-json\/wp\/v2\/posts"}],"about":[{"href":"https:\/\/indasocial.com\/INDA\/wp-json\/wp\/v2\/types\/post"}],"author":[{"embeddable":true,"href":"https:\/\/indasocial.com\/INDA\/wp-json\/wp\/v2\/users\/1"}],"replies":[{"embeddable":true,"href":"https:\/\/indasocial.com\/INDA\/wp-json\/wp\/v2\/comments?post=5191"}],"version-history":[{"count":5,"href":"https:\/\/indasocial.com\/INDA\/wp-json\/wp\/v2\/posts\/5191\/revisions"}],"predecessor-version":[{"id":5205,"href":"https:\/\/indasocial.com\/INDA\/wp-json\/wp\/v2\/posts\/5191\/revisions\/5205"}],"wp:featuredmedia":[{"embeddable":true,"href":"https:\/\/indasocial.com\/INDA\/wp-json\/wp\/v2\/media\/5200"}],"wp:attachment":[{"href":"https:\/\/indasocial.com\/INDA\/wp-json\/wp\/v2\/media?parent=5191"}],"wp:term":[{"taxonomy":"category","embeddable":true,"href":"https:\/\/indasocial.com\/INDA\/wp-json\/wp\/v2\/categories?post=5191"},{"taxonomy":"post_tag","embeddable":true,"href":"https:\/\/indasocial.com\/INDA\/wp-json\/wp\/v2\/tags?post=5191"}],"curies":[{"name":"wp","href":"https:\/\/api.w.org\/{rel}","templated":true}]}}