{"id":5181,"date":"2026-01-29T02:36:29","date_gmt":"2026-01-29T02:36:29","guid":{"rendered":"https:\/\/indasocial.com\/INDA\/?p=5181"},"modified":"2026-01-29T05:01:23","modified_gmt":"2026-01-29T05:01:23","slug":"decididas-2026-pre","status":"publish","type":"post","link":"https:\/\/indasocial.com\/INDA\/2026\/01\/29\/decididas-2026-pre\/","title":{"rendered":"DECIDIDAS 2026: Imaginando, creando y liderando las econom\u00edas del futuro."},"content":{"rendered":"\n<p class=\"has-black-color has-text-color has-link-color wp-elements-7ba3a92015eca2041496b83be5b1ab7d\"><strong>Ciudad de M\u00e9xico, a 29 de enero de 2026.<\/strong> <strong>&#8211;<\/strong> Actualmente, la agenda mundial est\u00e1 marcada por la transformaci\u00f3n del trabajo, la aceleraci\u00f3n tecnol\u00f3gica y los desaf\u00edos sociales y clim\u00e1ticos, por lo que el liderazgo femenino se consolida como un factor clave para construir econom\u00edas m\u00e1s resilientes, inclusivas y sostenibles.<\/p>\n\n\n\n<figure class=\"wp-block-image size-large\"><a href=\"https:\/\/www.decididas.com\/\" target=\"_blank\" rel=\"noreferrer noopener\"><img loading=\"lazy\" decoding=\"async\" width=\"1160\" height=\"437\" src=\"https:\/\/indasocial.com\/INDA\/wp-content\/uploads\/2026\/01\/Captura-de-pantalla-2026-01-28-a-las-8.11.16\u202fp.m-1160x437.png\" alt=\"\" class=\"wp-image-5184\" srcset=\"https:\/\/indasocial.com\/INDA\/wp-content\/uploads\/2026\/01\/Captura-de-pantalla-2026-01-28-a-las-8.11.16\u202fp.m-1160x437.png 1160w, https:\/\/indasocial.com\/INDA\/wp-content\/uploads\/2026\/01\/Captura-de-pantalla-2026-01-28-a-las-8.11.16\u202fp.m-800x302.png 800w, https:\/\/indasocial.com\/INDA\/wp-content\/uploads\/2026\/01\/Captura-de-pantalla-2026-01-28-a-las-8.11.16\u202fp.m-1536x579.png 1536w, https:\/\/indasocial.com\/INDA\/wp-content\/uploads\/2026\/01\/Captura-de-pantalla-2026-01-28-a-las-8.11.16\u202fp.m-2048x772.png 2048w, https:\/\/indasocial.com\/INDA\/wp-content\/uploads\/2026\/01\/Captura-de-pantalla-2026-01-28-a-las-8.11.16\u202fp.m-150x57.png 150w, https:\/\/indasocial.com\/INDA\/wp-content\/uploads\/2026\/01\/Captura-de-pantalla-2026-01-28-a-las-8.11.16\u202fp.m-300x113.png 300w, https:\/\/indasocial.com\/INDA\/wp-content\/uploads\/2026\/01\/Captura-de-pantalla-2026-01-28-a-las-8.11.16\u202fp.m-696x262.png 696w, https:\/\/indasocial.com\/INDA\/wp-content\/uploads\/2026\/01\/Captura-de-pantalla-2026-01-28-a-las-8.11.16\u202fp.m-1068x403.png 1068w, https:\/\/indasocial.com\/INDA\/wp-content\/uploads\/2026\/01\/Captura-de-pantalla-2026-01-28-a-las-8.11.16\u202fp.m-1920x724.png 1920w\" sizes=\"(max-width: 1160px) 100vw, 1160px\" \/><\/a><\/figure>\n\n\n\n<p class=\"has-black-color has-text-color has-link-color wp-elements-2df2dba5d8cb2ba9ea2a632c656e28b5\">En este escenario, <strong><a href=\"https:\/\/www.decididas.com\/\" target=\"_blank\" rel=\"noreferrer noopener\">DECIDIDAS Summit <\/a>+ Festival regresa en 2026 con su quinta edici\u00f3n<\/strong>, consolid\u00e1ndose como el encuentro que re\u00fane a l\u00edderes del sector empresarial, creativo e impacto convencidas de que los pr\u00f3ximos modelos econ\u00f3micos se construyen en la intersecci\u00f3n: donde el capital encuentra la cultura, la innovaci\u00f3n se cruza con el prop\u00f3sito, y la creatividad redefine qu\u00e9 es hacer negocio. En un momento donde las cadenas de suministro se reconfiguran, los bloques comerciales se fracturan y Am\u00e9rica Latina emerge como laboratorio de nuevos modelos econ\u00f3micos, DECIDIDAS re\u00fane a las mujeres que est\u00e1n redise\u00f1ando c\u00f3mo funcionan el capital, el trabajo y el poder.<\/p>\n\n\n\n<p class=\"has-black-color has-text-color has-link-color wp-elements-93ccddaadb911e1b5972a7a6d3621e02\">Durante <strong>tres d\u00edas, del 25 al 27 de febrero de 2026<\/strong>, la Ciudad de M\u00e9xico ser\u00e1 sede de este espacio que reunir\u00e1 a l\u00edderes empresariales, economistas, acad\u00e9micas, inversionistas, emprendedoras, artistas, cient\u00edficas, atletas, periodistas, activistas y tomadoras de decisi\u00f3n de m\u00e1s de 30 industrias y 15 pa\u00edses, con el objetivo de impulsar alianzas estrat\u00e9gicas, conversaciones de alto nivel y acciones concretas que aceleren un crecimiento econ\u00f3mico m\u00e1s equitativo y con visi\u00f3n de largo plazo.<\/p>\n\n\n\n<p class=\"has-black-color has-text-color has-link-color wp-elements-51812de044fd68601d57dd47cff9b442\">En tan solo cuatro ediciones, DECIDIDAS ha evolucionado de un espacio de di\u00e1logo a una plataforma regional de acci\u00f3n con resultados tangibles: m\u00e1s de <strong>2,000 asistentes<\/strong> <strong>presenciales, m\u00e1s de 200 l\u00edderes en el escenario y 229 millones de impactos<\/strong> <strong>medi\u00e1ticos<\/strong>, cifras que reflejan el alcance de una comunidad que no solo visibiliza el liderazgo femenino, sino que lo convierte en capital econ\u00f3mico, social y cultural para la regi\u00f3n.<\/p>\n\n\n\n<figure class=\"wp-block-image size-large\"><a href=\"https:\/\/www.decididas.com\/\" target=\"_blank\" rel=\"noreferrer noopener\"><img loading=\"lazy\" decoding=\"async\" width=\"1160\" height=\"432\" src=\"https:\/\/indasocial.com\/INDA\/wp-content\/uploads\/2026\/01\/Captura-de-pantalla-2026-01-28-a-las-8.14.51\u202fp.m-1160x432.png\" alt=\"\" class=\"wp-image-5185\" srcset=\"https:\/\/indasocial.com\/INDA\/wp-content\/uploads\/2026\/01\/Captura-de-pantalla-2026-01-28-a-las-8.14.51\u202fp.m-1160x432.png 1160w, https:\/\/indasocial.com\/INDA\/wp-content\/uploads\/2026\/01\/Captura-de-pantalla-2026-01-28-a-las-8.14.51\u202fp.m-800x298.png 800w, https:\/\/indasocial.com\/INDA\/wp-content\/uploads\/2026\/01\/Captura-de-pantalla-2026-01-28-a-las-8.14.51\u202fp.m-1536x572.png 1536w, https:\/\/indasocial.com\/INDA\/wp-content\/uploads\/2026\/01\/Captura-de-pantalla-2026-01-28-a-las-8.14.51\u202fp.m-2048x763.png 2048w, https:\/\/indasocial.com\/INDA\/wp-content\/uploads\/2026\/01\/Captura-de-pantalla-2026-01-28-a-las-8.14.51\u202fp.m-150x56.png 150w, https:\/\/indasocial.com\/INDA\/wp-content\/uploads\/2026\/01\/Captura-de-pantalla-2026-01-28-a-las-8.14.51\u202fp.m-300x112.png 300w, https:\/\/indasocial.com\/INDA\/wp-content\/uploads\/2026\/01\/Captura-de-pantalla-2026-01-28-a-las-8.14.51\u202fp.m-696x259.png 696w, https:\/\/indasocial.com\/INDA\/wp-content\/uploads\/2026\/01\/Captura-de-pantalla-2026-01-28-a-las-8.14.51\u202fp.m-1068x398.png 1068w, https:\/\/indasocial.com\/INDA\/wp-content\/uploads\/2026\/01\/Captura-de-pantalla-2026-01-28-a-las-8.14.51\u202fp.m-1920x715.png 1920w\" sizes=\"(max-width: 1160px) 100vw, 1160px\" \/><\/a><\/figure>\n\n\n\n<p class=\"has-black-color has-text-color has-link-color wp-elements-56e95d6358252f2743ed17c3d40a7eeb\">Para su quinta edici\u00f3n, DECIDIDAS Summit + Festival ampl\u00eda su ambici\u00f3n bajo el eje <strong>\u201cEconom\u00edas del Futuro y Capital Creativo: c\u00f3mo imaginar, crear y liderar\u201d<\/strong>. La agenda abordar\u00e1 temas como innovaci\u00f3n, geopol\u00edtica, econom\u00edas del cuidado, tecnolog\u00eda, salud, sostenibilidad, inclusi\u00f3n financiera, deporte y creatividad, integrando nuevas formas de producir, invertir y crecer con impacto social.<\/p>\n\n\n\n<p class=\"has-black-color has-text-color has-link-color wp-elements-58330a47d07a8725a636f94161d05d90\">A diferencia de otros foros, DECIDIDAS impulsa un modelo que trasciende el escenario: conecta ideas con capital, talento con oportunidades y conversaciones con proyectos reales, promoviendo alianzas entre empresas, organizaciones e inversionistas que buscan incidir directamente en los modelos econ\u00f3micos del presente y del futuro.<\/p>\n\n\n\n<p class=\"has-black-color has-text-color has-link-color wp-elements-8c1fa102a8f3251fc8700094428e47fc\">Como parte de esta evoluci\u00f3n, DECIDIDAS 2026 fortalece su alcance global a trav\u00e9s de una alianza estrat\u00e9gica con <strong>Level Forward<\/strong>, empresa que impulsa el cambio social a trav\u00e9s del storytelling y el impacto cultural. Esta colaboraci\u00f3n ampl\u00eda la conversaci\u00f3n hacia nuevas audiencias y posiciona al Summit + Festival como un punto de encuentro donde las ideas se convierten en acci\u00f3n.<\/p>\n\n\n<div class=\"wp-block-image\">\n<figure class=\"aligncenter size-large\"><a href=\"https:\/\/www.decididas.com\/\" target=\"_blank\" rel=\"noreferrer noopener\"><img loading=\"lazy\" decoding=\"async\" width=\"1160\" height=\"653\" src=\"https:\/\/indasocial.com\/INDA\/wp-content\/uploads\/2026\/01\/Master-Graphic-Final-Decididas-2026-1160x653.png\" alt=\"\" class=\"wp-image-5183\" srcset=\"https:\/\/indasocial.com\/INDA\/wp-content\/uploads\/2026\/01\/Master-Graphic-Final-Decididas-2026-1160x653.png 1160w, https:\/\/indasocial.com\/INDA\/wp-content\/uploads\/2026\/01\/Master-Graphic-Final-Decididas-2026-800x450.png 800w, https:\/\/indasocial.com\/INDA\/wp-content\/uploads\/2026\/01\/Master-Graphic-Final-Decididas-2026-1536x864.png 1536w, https:\/\/indasocial.com\/INDA\/wp-content\/uploads\/2026\/01\/Master-Graphic-Final-Decididas-2026-150x84.png 150w, https:\/\/indasocial.com\/INDA\/wp-content\/uploads\/2026\/01\/Master-Graphic-Final-Decididas-2026-300x169.png 300w, https:\/\/indasocial.com\/INDA\/wp-content\/uploads\/2026\/01\/Master-Graphic-Final-Decididas-2026-696x392.png 696w, https:\/\/indasocial.com\/INDA\/wp-content\/uploads\/2026\/01\/Master-Graphic-Final-Decididas-2026-1068x601.png 1068w, https:\/\/indasocial.com\/INDA\/wp-content\/uploads\/2026\/01\/Master-Graphic-Final-Decididas-2026.png 1920w\" sizes=\"(max-width: 1160px) 100vw, 1160px\" \/><\/a><\/figure><\/div>\n\n\n<p class=\"has-black-color has-text-color has-link-color wp-elements-8d46f29fa46c65e6e72fcb34538b3f33\">La edici\u00f3n 2026 contar\u00e1 con la participaci\u00f3n de l\u00edderes influyentes de distintas industrias y geograf\u00edas, entre ellas <strong>Molly Gochman, artista experiencial; Billie Jean King; Jacinda<\/strong> <strong>Ardern; Nemonte Nenquimo; Sophia Bush; Nia Batts; Ana Aguilar, Presidenta del<\/strong> <strong>Consejo Mexicano de Negocios; Regina Garc\u00eda Cu\u00e9llar, Directora General de la<\/strong> <strong>Asociaci\u00f3n de Bancos de M\u00e9xico; Honey Thaljieh, fundadora de Women\u2019s Soccer in<\/strong> <strong>Palestine; F\u00e1tima Goss Graves, Presidenta del National Women\u2019s Law Center; Edgar<\/strong> <strong>Ram\u00edrez, actor; la Dra. Yetsa Tuakli-Wosornu, directora fundadora del Sports Equity<\/strong> <strong>Lab de Stanford; y l\u00edderes de Harvard, el Banco Mundial e IBD<\/strong>, por mencionar algunas.<\/p>\n\n\n\n<p class=\"has-black-color has-text-color has-link-color wp-elements-4bb3b39de63b86d73910c99d7c8e3b7f\">Ellas se suman a una comunidad de l\u00edderes que redefine el liderazgo, la econom\u00eda y la cultura desde una perspectiva global y colaborativa.<\/p>\n\n\n\n<p class=\"has-black-color has-text-color has-link-color wp-elements-928de7436314e9da78e0559bf0910b4c\">DECIDIDAS Summit + Festival 2026 se consolida as\u00ed como una cita estrat\u00e9gica para l\u00edderes, empresas, inversionistas y medios que buscan entender y ser parte de la transformaci\u00f3n econ\u00f3mica y cultural que ya est\u00e1 en marcha en Am\u00e9rica Latina.<\/p>\n\n\n\n<p class=\"has-black-color has-text-color has-link-color wp-elements-94f96ee943392d1d8c7bcb44f634f937\">Los boletos ya est\u00e1n a la venta en <strong><a href=\"https:\/\/www.decididas.com\/\" target=\"_blank\" rel=\"noreferrer noopener\">www.decididas.com.<\/a> <\/strong>Mantente atento a los canales oficiales de DECIDIDAS para asegurar tu lugar en el encuentro donde el poder se convierte en prop\u00f3sito y el futuro se dise\u00f1a hoy.<\/p>\n\n\n\n<figure class=\"wp-block-embed is-type-video is-provider-youtube wp-block-embed-youtube wp-embed-aspect-16-9 wp-has-aspect-ratio\"><div class=\"wp-block-embed__wrapper\">\n<iframe loading=\"lazy\" title=\"DECIDIDAS 2025 Recap\" width=\"696\" height=\"392\" src=\"https:\/\/www.youtube.com\/embed\/292Xaj6tHYs?feature=oembed\" frameborder=\"0\" allow=\"accelerometer; autoplay; clipboard-write; encrypted-media; gyroscope; picture-in-picture; web-share\" referrerpolicy=\"strict-origin-when-cross-origin\" allowfullscreen><\/iframe>\n<\/div><\/figure>\n\n\n\n<h2 class=\"wp-block-heading has-text-color has-link-color wp-elements-fe973702e6f36e2c7f130cf01acd85dc\" style=\"color:#5951e0\"><strong>\ud83c\udf81 USA EL C\u00d3DIGO DE DESCUENTO EXCLUSIVO: 10% OFF<\/strong>: <strong>D26INDASOCIAL<\/strong><\/h2>\n\n\n\n<p class=\"has-text-color has-link-color has-regular-font-size wp-elements-674ccbd582a4fe7cb3c968ffb98c8d8c\" style=\"color:#5951e0\"><em><strong>Cupo LIMITADO (Espacios limitados, ap\u00e1rtalos r\u00e1pido)<\/strong><\/em><\/p>\n\n\n\n<p class=\"has-text-color has-link-color has-regular-font-size wp-elements-3745064babbe00bba82cabd263d8a8af\" style=\"color:#2a2a2a\"><em>Acerca de Decididas:<\/em><\/p>\n\n\n\n<p class=\"has-text-color has-link-color wp-elements-5e634bc9eba450e379b0b3a67544b413\" style=\"color:#2a2a2a\"><em><a href=\"https:\/\/www.decididas.com\/\" target=\"_blank\" rel=\"noreferrer noopener\">DECIDIDAS <\/a>es una plataforma fundada por B\u00e1rbara Arredondo Ayala y Olga Segura que busca amplificar los liderazgos de las mujeres de Iberoam\u00e9rica y promover modelos a seguir para las siguientes generaciones. Alineadas a los Objetivos de Desarrollo Sostenible de la ONU, nuestra misi\u00f3n es promover la equidad de g\u00e9nero, defender el planeta, impulsar el crecimiento econ\u00f3mico de la mujer y fomentar alianzas para lograr estos objetivos.<\/em><\/p>\n","protected":false},"excerpt":{"rendered":"<p>Ciudad de M\u00e9xico, a 29 de enero de 2026. &#8211; Actualmente, la agenda mundial est\u00e1 marcada por la transformaci\u00f3n del trabajo, la aceleraci\u00f3n tecnol\u00f3gica y los desaf\u00edos sociales y clim\u00e1ticos, por lo que el liderazgo femenino se consolida como un factor clave para construir econom\u00edas m\u00e1s resilientes, inclusivas y sostenibles. En este escenario, DECIDIDAS Summit [&hellip;]<\/p>\n","protected":false},"author":1,"featured_media":5183,"comment_status":"closed","ping_status":"closed","sticky":false,"template":"","format":"standard","meta":{"footnotes":""},"categories":[15,747,10],"tags":[259,767,906,965,846,74,910],"_links":{"self":[{"href":"https:\/\/indasocial.com\/INDA\/wp-json\/wp\/v2\/posts\/5181"}],"collection":[{"href":"https:\/\/indasocial.com\/INDA\/wp-json\/wp\/v2\/posts"}],"about":[{"href":"https:\/\/indasocial.com\/INDA\/wp-json\/wp\/v2\/types\/post"}],"author":[{"embeddable":true,"href":"https:\/\/indasocial.com\/INDA\/wp-json\/wp\/v2\/users\/1"}],"replies":[{"embeddable":true,"href":"https:\/\/indasocial.com\/INDA\/wp-json\/wp\/v2\/comments?post=5181"}],"version-history":[{"count":4,"href":"https:\/\/indasocial.com\/INDA\/wp-json\/wp\/v2\/posts\/5181\/revisions"}],"predecessor-version":[{"id":5189,"href":"https:\/\/indasocial.com\/INDA\/wp-json\/wp\/v2\/posts\/5181\/revisions\/5189"}],"wp:featuredmedia":[{"embeddable":true,"href":"https:\/\/indasocial.com\/INDA\/wp-json\/wp\/v2\/media\/5183"}],"wp:attachment":[{"href":"https:\/\/indasocial.com\/INDA\/wp-json\/wp\/v2\/media?parent=5181"}],"wp:term":[{"taxonomy":"category","embeddable":true,"href":"https:\/\/indasocial.com\/INDA\/wp-json\/wp\/v2\/categories?post=5181"},{"taxonomy":"post_tag","embeddable":true,"href":"https:\/\/indasocial.com\/INDA\/wp-json\/wp\/v2\/tags?post=5181"}],"curies":[{"name":"wp","href":"https:\/\/api.w.org\/{rel}","templated":true}]}}