{"id":5103,"date":"2025-10-21T17:21:40","date_gmt":"2025-10-21T17:21:40","guid":{"rendered":"https:\/\/indasocial.com\/INDA\/?p=5103"},"modified":"2025-10-21T17:30:54","modified_gmt":"2025-10-21T17:30:54","slug":"forces-of-fashion","status":"publish","type":"post","link":"https:\/\/indasocial.com\/INDA\/2025\/10\/21\/forces-of-fashion\/","title":{"rendered":"FORCES OF FASHION: Di\u00e1logos sobre la autenticidad y el valor propio, en Soho House M\u00e9xico."},"content":{"rendered":"\n<p class=\"has-black-color has-text-color has-link-color wp-elements-3ca68452020358be2fb5a4f9d2416b8a\">El pasado mi\u00e9rcoles 15 de octubre, la vibrante <a href=\"https:\/\/www.sohohouse.com\/es\/houses\/soho-house-mexico-city\" data-type=\"link\" data-id=\"https:\/\/www.sohohouse.com\/es\/houses\/soho-house-mexico-city\" target=\"_blank\" rel=\"noreferrer noopener\"><strong>Soho House<\/strong> <strong>en Ciudad de M\u00e9xico <\/strong><\/a>fue el escenario de&nbsp;<strong><a href=\"https:\/\/www.vogueforcesoffashion.com\/mexico?utm_source=Facebook&amp;utm_medium=dark&amp;utm_campaign=2025-09-STD%2BEB&amp;utm_id=STD%2BEB&amp;utm_term=FoF&amp;utm_content=2025-09-STD%2BEB&amp;fbclid=PAaWdyZANLyxpleHRuA2FlbQEwAGFkaWQAAAY4Yp-LaQGnJXPrmHs6r9xncGblt6OVeTLFj1pZIfLz_MrnlQZ7oHIjXWS3HPhbYW2l-xg_aem_vJkTouhgOnRj4H4LekJZ7Q\" data-type=\"link\" data-id=\"https:\/\/www.vogueforcesoffashion.com\/mexico?utm_source=Facebook&amp;utm_medium=dark&amp;utm_campaign=2025-09-STD%2BEB&amp;utm_id=STD%2BEB&amp;utm_term=FoF&amp;utm_content=2025-09-STD%2BEB&amp;fbclid=PAaWdyZANLyxpleHRuA2FlbQEwAGFkaWQAAAY4Yp-LaQGnJXPrmHs6r9xncGblt6OVeTLFj1pZIfLz_MrnlQZ7oHIjXWS3HPhbYW2l-xg_aem_vJkTouhgOnRj4H4LekJZ7Q\" target=\"_blank\" rel=\"noreferrer noopener\">Forces of Fashion M\u00e9xico<\/a><\/strong>, un evento cumbre organizado por&nbsp;<em>Vogue M\u00e9xico y Latinoam\u00e9rica<\/em>. M\u00e1s que una simple revisi\u00f3n de tendencias, la jornada se transform\u00f3 en un foro esencial para el&nbsp;<em>networking<\/em>&nbsp;y el di\u00e1logo sobre c\u00f3mo la moda se entrelaza con la identidad personal y la creaci\u00f3n de&nbsp;<strong>comunidad<\/strong>. <\/p>\n\n\n\n<figure class=\"wp-block-gallery has-nested-images columns-default is-cropped wp-block-gallery-1 is-layout-flex wp-block-gallery-is-layout-flex\">\n<figure class=\"wp-block-image size-large\"><img loading=\"lazy\" decoding=\"async\" width=\"595\" height=\"800\" data-id=\"5108\" src=\"https:\/\/indasocial.com\/INDA\/wp-content\/uploads\/2025\/10\/04.png\" alt=\"\" class=\"wp-image-5108\" srcset=\"https:\/\/indasocial.com\/INDA\/wp-content\/uploads\/2025\/10\/04.png 595w, https:\/\/indasocial.com\/INDA\/wp-content\/uploads\/2025\/10\/04-150x202.png 150w, https:\/\/indasocial.com\/INDA\/wp-content\/uploads\/2025\/10\/04-300x403.png 300w\" sizes=\"(max-width: 595px) 100vw, 595px\" \/><\/figure>\n\n\n\n<figure class=\"wp-block-image size-large\"><img loading=\"lazy\" decoding=\"async\" width=\"619\" height=\"800\" data-id=\"5107\" src=\"https:\/\/indasocial.com\/INDA\/wp-content\/uploads\/2025\/10\/03.png\" alt=\"\" class=\"wp-image-5107\" srcset=\"https:\/\/indasocial.com\/INDA\/wp-content\/uploads\/2025\/10\/03.png 619w, https:\/\/indasocial.com\/INDA\/wp-content\/uploads\/2025\/10\/03-150x194.png 150w, https:\/\/indasocial.com\/INDA\/wp-content\/uploads\/2025\/10\/03-300x388.png 300w, https:\/\/indasocial.com\/INDA\/wp-content\/uploads\/2025\/10\/03-600x775.png 600w\" sizes=\"(max-width: 619px) 100vw, 619px\" \/><\/figure>\n\n\n\n<figure class=\"wp-block-image size-large\"><img loading=\"lazy\" decoding=\"async\" width=\"602\" height=\"800\" data-id=\"5110\" src=\"https:\/\/indasocial.com\/INDA\/wp-content\/uploads\/2025\/10\/07.png\" alt=\"\" class=\"wp-image-5110\" srcset=\"https:\/\/indasocial.com\/INDA\/wp-content\/uploads\/2025\/10\/07.png 602w, https:\/\/indasocial.com\/INDA\/wp-content\/uploads\/2025\/10\/07-150x199.png 150w, https:\/\/indasocial.com\/INDA\/wp-content\/uploads\/2025\/10\/07-300x399.png 300w, https:\/\/indasocial.com\/INDA\/wp-content\/uploads\/2025\/10\/07-600x797.png 600w\" sizes=\"(max-width: 602px) 100vw, 602px\" \/><\/figure>\n\n\n\n<figure class=\"wp-block-image size-large\"><img loading=\"lazy\" decoding=\"async\" width=\"800\" height=\"601\" data-id=\"5109\" src=\"https:\/\/indasocial.com\/INDA\/wp-content\/uploads\/2025\/10\/05.png\" alt=\"\" class=\"wp-image-5109\" srcset=\"https:\/\/indasocial.com\/INDA\/wp-content\/uploads\/2025\/10\/05.png 800w, https:\/\/indasocial.com\/INDA\/wp-content\/uploads\/2025\/10\/05-150x113.png 150w, https:\/\/indasocial.com\/INDA\/wp-content\/uploads\/2025\/10\/05-300x225.png 300w, https:\/\/indasocial.com\/INDA\/wp-content\/uploads\/2025\/10\/05-696x523.png 696w, https:\/\/indasocial.com\/INDA\/wp-content\/uploads\/2025\/10\/05-600x451.png 600w\" sizes=\"(max-width: 800px) 100vw, 800px\" \/><\/figure>\n<\/figure>\n\n\n\n<p class=\"has-black-color has-text-color has-link-color wp-elements-88c8d593be8c9a2760564c4a0fbc25bc\">La asistencia de l\u00edderes, innovadores y miembros clave de la industria demostr\u00f3 que el futuro de la moda radica en las conexiones aut\u00e9nticas y en la fuerza de las plataformas que, como <strong>Vogue M\u00e9xico y LATAM,<\/strong> fomentan el crecimiento colaborativo.<\/p>\n\n\n\n<p class=\"has-black-color has-text-color has-link-color wp-elements-f4c6d37c83f40063525678f6b16a4139\">Uno de los pilares del debate fue la crucial conversaci\u00f3n entre <strong><a href=\"https:\/\/www.lorenasaravia.com\/\" target=\"_blank\" rel=\"noreferrer noopener\">Lorena Saravia<\/a><\/strong>, <strong>Enrique Leyva<\/strong> y <strong>Pompi Garc\u00eda<\/strong> sobre la <strong>reapreciaci\u00f3n de la identidad mexicana<\/strong>. Se abord\u00f3 c\u00f3mo la industria debe abrazar narrativas aut\u00e9nticas, destacando espec\u00edficamente la urgencia de&nbsp;<em>descubrir el valor de nuestra cultura como pionera en la est\u00e9tica actual, <\/em>y la necesidad de una representaci\u00f3n real, un movimiento que ha cobrado un impulso innegable con el&nbsp;<strong>\u00abEfecto Yalitza\u00bb<\/strong>. Estas conversaciones recalcaron que la moda es un poderoso veh\u00edculo para el empoderamiento personal, aline\u00e1ndose con la filosof\u00eda de <em>Vogue M\u00e9xico<\/em> de construir marcas personales fuertes y visibles,<em> donde cada individuo celebra su herencia y su propia imagen.<\/em><\/p>\n\n\n\n<figure class=\"wp-block-gallery has-nested-images columns-default is-cropped wp-block-gallery-2 is-layout-flex wp-block-gallery-is-layout-flex\">\n<figure class=\"wp-block-image size-large\"><img loading=\"lazy\" decoding=\"async\" width=\"594\" height=\"800\" data-id=\"5113\" src=\"https:\/\/indasocial.com\/INDA\/wp-content\/uploads\/2025\/10\/10.png\" alt=\"\" class=\"wp-image-5113\" srcset=\"https:\/\/indasocial.com\/INDA\/wp-content\/uploads\/2025\/10\/10.png 594w, https:\/\/indasocial.com\/INDA\/wp-content\/uploads\/2025\/10\/10-150x202.png 150w, https:\/\/indasocial.com\/INDA\/wp-content\/uploads\/2025\/10\/10-300x404.png 300w\" sizes=\"(max-width: 594px) 100vw, 594px\" \/><\/figure>\n\n\n\n<figure class=\"wp-block-image size-large\"><img loading=\"lazy\" decoding=\"async\" width=\"800\" height=\"599\" data-id=\"5111\" src=\"https:\/\/indasocial.com\/INDA\/wp-content\/uploads\/2025\/10\/08.png\" alt=\"\" class=\"wp-image-5111\" srcset=\"https:\/\/indasocial.com\/INDA\/wp-content\/uploads\/2025\/10\/08.png 800w, https:\/\/indasocial.com\/INDA\/wp-content\/uploads\/2025\/10\/08-150x112.png 150w, https:\/\/indasocial.com\/INDA\/wp-content\/uploads\/2025\/10\/08-300x225.png 300w, https:\/\/indasocial.com\/INDA\/wp-content\/uploads\/2025\/10\/08-696x521.png 696w, https:\/\/indasocial.com\/INDA\/wp-content\/uploads\/2025\/10\/08-600x449.png 600w\" sizes=\"(max-width: 800px) 100vw, 800px\" \/><\/figure>\n\n\n\n<figure class=\"wp-block-image size-large\"><img loading=\"lazy\" decoding=\"async\" width=\"599\" height=\"800\" data-id=\"5114\" src=\"https:\/\/indasocial.com\/INDA\/wp-content\/uploads\/2025\/10\/11.png\" alt=\"\" class=\"wp-image-5114\" srcset=\"https:\/\/indasocial.com\/INDA\/wp-content\/uploads\/2025\/10\/11.png 599w, https:\/\/indasocial.com\/INDA\/wp-content\/uploads\/2025\/10\/11-150x200.png 150w, https:\/\/indasocial.com\/INDA\/wp-content\/uploads\/2025\/10\/11-300x401.png 300w\" sizes=\"(max-width: 599px) 100vw, 599px\" \/><\/figure>\n\n\n\n<figure class=\"wp-block-image size-large\"><img loading=\"lazy\" decoding=\"async\" width=\"800\" height=\"599\" data-id=\"5106\" src=\"https:\/\/indasocial.com\/INDA\/wp-content\/uploads\/2025\/10\/02.png\" alt=\"\" class=\"wp-image-5106\" srcset=\"https:\/\/indasocial.com\/INDA\/wp-content\/uploads\/2025\/10\/02.png 800w, https:\/\/indasocial.com\/INDA\/wp-content\/uploads\/2025\/10\/02-150x112.png 150w, https:\/\/indasocial.com\/INDA\/wp-content\/uploads\/2025\/10\/02-300x225.png 300w, https:\/\/indasocial.com\/INDA\/wp-content\/uploads\/2025\/10\/02-696x521.png 696w, https:\/\/indasocial.com\/INDA\/wp-content\/uploads\/2025\/10\/02-600x449.png 600w\" sizes=\"(max-width: 800px) 100vw, 800px\" \/><\/figure>\n<\/figure>\n\n\n\n<p class=\"has-black-color has-text-color has-link-color wp-elements-1fae06e05199c99bd79b6ee96c153790\">El evento profundiz\u00f3 en la din\u00e1mica de las relaciones en la era digital, analizando qu\u00e9 es genuinamente&nbsp;<strong>comunidad y qu\u00e9 es fidelidad<\/strong>. La conclusi\u00f3n es clara: la lealtad se construye a trav\u00e9s de valores compartidos y un entendimiento profundo del estilo de vida del consumidor. Esto se reflej\u00f3 en la tendencia hacia la&nbsp;<strong>comodidad y estar con esa ropa la mayor parte del tiempo<\/strong>, promoviendo un armario funcional y consciente. <\/p>\n\n\n\n<p class=\"has-black-color has-text-color has-link-color wp-elements-fad2c37ecb71591630eb813e617aa694\">Adem\u00e1s, la menci\u00f3n del&nbsp;<strong>running<\/strong>&nbsp;con los <a href=\"https:\/\/hermanoskoumori.com\/\" data-type=\"link\" data-id=\"https:\/\/hermanoskoumori.com\/\" target=\"_blank\" rel=\"noreferrer noopener\"><strong>Hermanos Koumori<\/strong> <\/a>como ejemplo de&nbsp;<strong>estar presente<\/strong>&nbsp;subraya un estilo de vida que valora la conexi\u00f3n cuerpo-mente, demostrando que la moda actual es sin\u00f3nimo de bienestar y atenci\u00f3n plena.<\/p>\n\n\n\n<figure class=\"wp-block-gallery has-nested-images columns-default is-cropped wp-block-gallery-3 is-layout-flex wp-block-gallery-is-layout-flex\">\n<figure class=\"wp-block-image size-large\"><img loading=\"lazy\" decoding=\"async\" width=\"800\" height=\"617\" data-id=\"5118\" src=\"https:\/\/indasocial.com\/INDA\/wp-content\/uploads\/2025\/10\/15.png\" alt=\"\" class=\"wp-image-5118\" srcset=\"https:\/\/indasocial.com\/INDA\/wp-content\/uploads\/2025\/10\/15.png 800w, https:\/\/indasocial.com\/INDA\/wp-content\/uploads\/2025\/10\/15-150x116.png 150w, https:\/\/indasocial.com\/INDA\/wp-content\/uploads\/2025\/10\/15-300x231.png 300w, https:\/\/indasocial.com\/INDA\/wp-content\/uploads\/2025\/10\/15-696x537.png 696w, https:\/\/indasocial.com\/INDA\/wp-content\/uploads\/2025\/10\/15-600x463.png 600w\" sizes=\"(max-width: 800px) 100vw, 800px\" \/><\/figure>\n\n\n\n<figure class=\"wp-block-image size-large\"><img loading=\"lazy\" decoding=\"async\" width=\"597\" height=\"800\" data-id=\"5116\" src=\"https:\/\/indasocial.com\/INDA\/wp-content\/uploads\/2025\/10\/13.png\" alt=\"\" class=\"wp-image-5116\" srcset=\"https:\/\/indasocial.com\/INDA\/wp-content\/uploads\/2025\/10\/13.png 597w, https:\/\/indasocial.com\/INDA\/wp-content\/uploads\/2025\/10\/13-150x201.png 150w, https:\/\/indasocial.com\/INDA\/wp-content\/uploads\/2025\/10\/13-300x402.png 300w\" sizes=\"(max-width: 597px) 100vw, 597px\" \/><\/figure>\n\n\n\n<figure class=\"wp-block-image size-large\"><img loading=\"lazy\" decoding=\"async\" width=\"800\" height=\"839\" data-id=\"5117\" src=\"https:\/\/indasocial.com\/INDA\/wp-content\/uploads\/2025\/10\/14.png\" alt=\"\" class=\"wp-image-5117\" srcset=\"https:\/\/indasocial.com\/INDA\/wp-content\/uploads\/2025\/10\/14.png 800w, https:\/\/indasocial.com\/INDA\/wp-content\/uploads\/2025\/10\/14-150x157.png 150w, https:\/\/indasocial.com\/INDA\/wp-content\/uploads\/2025\/10\/14-300x315.png 300w, https:\/\/indasocial.com\/INDA\/wp-content\/uploads\/2025\/10\/14-696x730.png 696w, https:\/\/indasocial.com\/INDA\/wp-content\/uploads\/2025\/10\/14-600x629.png 600w\" sizes=\"(max-width: 800px) 100vw, 800px\" \/><\/figure>\n\n\n\n<figure class=\"wp-block-image size-large\"><img loading=\"lazy\" decoding=\"async\" width=\"601\" height=\"800\" data-id=\"5115\" src=\"https:\/\/indasocial.com\/INDA\/wp-content\/uploads\/2025\/10\/12.png\" alt=\"\" class=\"wp-image-5115\" srcset=\"https:\/\/indasocial.com\/INDA\/wp-content\/uploads\/2025\/10\/12.png 601w, https:\/\/indasocial.com\/INDA\/wp-content\/uploads\/2025\/10\/12-150x200.png 150w, https:\/\/indasocial.com\/INDA\/wp-content\/uploads\/2025\/10\/12-300x399.png 300w\" sizes=\"(max-width: 601px) 100vw, 601px\" \/><\/figure>\n<\/figure>\n\n\n\n<blockquote class=\"wp-block-quote\">\n<p class=\"has-black-color has-text-color has-link-color wp-elements-50a2e70319c8bddaf8b6d41f9c226789\">\u00abForces of Fashion M\u00e9xico 2025 confirma que la moda, se convierte en un motor de inclusi\u00f3n y un espacio para la construcci\u00f3n de redes\u00bb. <\/p>\n<cite><em>&#8211; Vogue M\u00e9xico 2025<\/em><\/cite><\/blockquote>\n\n\n\n<figure class=\"wp-block-gallery has-nested-images columns-default is-cropped wp-block-gallery-4 is-layout-flex wp-block-gallery-is-layout-flex\">\n<figure class=\"wp-block-image size-large\"><img loading=\"lazy\" decoding=\"async\" width=\"596\" height=\"800\" data-id=\"5121\" src=\"https:\/\/indasocial.com\/INDA\/wp-content\/uploads\/2025\/10\/18.png\" alt=\"\" class=\"wp-image-5121\" srcset=\"https:\/\/indasocial.com\/INDA\/wp-content\/uploads\/2025\/10\/18.png 596w, https:\/\/indasocial.com\/INDA\/wp-content\/uploads\/2025\/10\/18-150x201.png 150w, https:\/\/indasocial.com\/INDA\/wp-content\/uploads\/2025\/10\/18-300x403.png 300w\" sizes=\"(max-width: 596px) 100vw, 596px\" \/><\/figure>\n\n\n\n<figure class=\"wp-block-image size-large\"><img loading=\"lazy\" decoding=\"async\" width=\"595\" height=\"800\" data-id=\"5122\" src=\"https:\/\/indasocial.com\/INDA\/wp-content\/uploads\/2025\/10\/19.png\" alt=\"\" class=\"wp-image-5122\" srcset=\"https:\/\/indasocial.com\/INDA\/wp-content\/uploads\/2025\/10\/19.png 595w, https:\/\/indasocial.com\/INDA\/wp-content\/uploads\/2025\/10\/19-150x202.png 150w, https:\/\/indasocial.com\/INDA\/wp-content\/uploads\/2025\/10\/19-300x403.png 300w\" sizes=\"(max-width: 595px) 100vw, 595px\" \/><\/figure>\n<\/figure>\n\n\n\n<p class=\"has-black-color has-text-color has-link-color wp-elements-7366481651687f7bf0173cdf3a471725\">Los <em>insights<\/em> compartidos en <em>Soho House <\/em>no son solo conclusiones, sino un rotundo llamado a la acci\u00f3n para la industria. <strong>Vogue M\u00e9xico y Latinoam\u00e9rica<\/strong>, como plataforma l\u00edder, reafirma su compromiso de trascender la exhibici\u00f3n de talento para impulsar una conversaci\u00f3n m\u00e1s profunda: una que promueva una moda intr\u00ednsecamente diversa, aut\u00e9ntica y firmemente conectada a la riqueza de la cultura mexicana.<\/p>\n","protected":false},"excerpt":{"rendered":"<p>El pasado mi\u00e9rcoles 15 de octubre, la vibrante Soho House en Ciudad de M\u00e9xico fue el escenario de&nbsp;Forces of Fashion M\u00e9xico, un evento cumbre organizado por&nbsp;Vogue M\u00e9xico y Latinoam\u00e9rica. M\u00e1s que una simple revisi\u00f3n de tendencias, la jornada se transform\u00f3 en un foro esencial para el&nbsp;networking&nbsp;y el di\u00e1logo sobre c\u00f3mo la moda se entrelaza con [&hellip;]<\/p>\n","protected":false},"author":1,"featured_media":5109,"comment_status":"open","ping_status":"closed","sticky":false,"template":"","format":"standard","meta":{"footnotes":""},"categories":[15,747,748,10],"tags":[259,700,130,950,97,28,948,605],"_links":{"self":[{"href":"https:\/\/indasocial.com\/INDA\/wp-json\/wp\/v2\/posts\/5103"}],"collection":[{"href":"https:\/\/indasocial.com\/INDA\/wp-json\/wp\/v2\/posts"}],"about":[{"href":"https:\/\/indasocial.com\/INDA\/wp-json\/wp\/v2\/types\/post"}],"author":[{"embeddable":true,"href":"https:\/\/indasocial.com\/INDA\/wp-json\/wp\/v2\/users\/1"}],"replies":[{"embeddable":true,"href":"https:\/\/indasocial.com\/INDA\/wp-json\/wp\/v2\/comments?post=5103"}],"version-history":[{"count":4,"href":"https:\/\/indasocial.com\/INDA\/wp-json\/wp\/v2\/posts\/5103\/revisions"}],"predecessor-version":[{"id":5125,"href":"https:\/\/indasocial.com\/INDA\/wp-json\/wp\/v2\/posts\/5103\/revisions\/5125"}],"wp:featuredmedia":[{"embeddable":true,"href":"https:\/\/indasocial.com\/INDA\/wp-json\/wp\/v2\/media\/5109"}],"wp:attachment":[{"href":"https:\/\/indasocial.com\/INDA\/wp-json\/wp\/v2\/media?parent=5103"}],"wp:term":[{"taxonomy":"category","embeddable":true,"href":"https:\/\/indasocial.com\/INDA\/wp-json\/wp\/v2\/categories?post=5103"},{"taxonomy":"post_tag","embeddable":true,"href":"https:\/\/indasocial.com\/INDA\/wp-json\/wp\/v2\/tags?post=5103"}],"curies":[{"name":"wp","href":"https:\/\/api.w.org\/{rel}","templated":true}]}}