{"id":4991,"date":"2025-09-01T18:30:19","date_gmt":"2025-09-01T18:30:19","guid":{"rendered":"https:\/\/indasocial.com\/INDA\/?p=4991"},"modified":"2025-09-01T20:22:05","modified_gmt":"2025-09-01T20:22:05","slug":"vogue-leaders-2025","status":"publish","type":"post","link":"https:\/\/indasocial.com\/INDA\/2025\/09\/01\/vogue-leaders-2025\/","title":{"rendered":"VOGUE LEADERS 2025: Celebrando tres a\u00f1os de emprendimiento y aprendizaje."},"content":{"rendered":"\n<p class=\"has-black-color has-text-color has-link-color wp-elements-3bf52a243b11a4758793446744331a4c\">El pasado <strong>27 de agosto de 2025<\/strong>, la Ciudad de M\u00e9xico fue testigo de una nueva edici\u00f3n de <strong><a href=\"https:\/\/www.vogue.mx\/articulo\/vogue-leaders-que-es\" target=\"_blank\" rel=\"noreferrer noopener\">Vogue Leaders by Porsche<\/a><\/strong>, un evento que reafirma su compromiso con el impulso y visibilidad de la trayectoria profesional de mujeres en diversas industrias. El <strong><a href=\"https:\/\/www.fourseasons.com\/mexico\/\" target=\"_blank\" rel=\"noreferrer noopener\">Hotel Four Seasons<\/a><\/strong> se convirti\u00f3 en el punto de encuentro de voces inspiradoras que, a trav\u00e9s de conversaciones profundas y cercanas, compartieron sus perspectivas sobre <em>negocios, creatividad, bienestar y liderazgo.<\/em><\/p>\n\n\n\n<figure class=\"wp-block-gallery has-nested-images columns-default is-cropped wp-block-gallery-1 is-layout-flex wp-block-gallery-is-layout-flex\">\n<figure class=\"wp-block-image size-large\"><img loading=\"lazy\" decoding=\"async\" width=\"600\" height=\"800\" data-id=\"4998\" src=\"https:\/\/indasocial.com\/INDA\/wp-content\/uploads\/2025\/08\/01-vogue.png\" alt=\"\" class=\"wp-image-4998\" srcset=\"https:\/\/indasocial.com\/INDA\/wp-content\/uploads\/2025\/08\/01-vogue.png 600w, https:\/\/indasocial.com\/INDA\/wp-content\/uploads\/2025\/08\/01-vogue-150x200.png 150w, https:\/\/indasocial.com\/INDA\/wp-content\/uploads\/2025\/08\/01-vogue-300x400.png 300w\" sizes=\"(max-width: 600px) 100vw, 600px\" \/><\/figure>\n\n\n\n<figure class=\"wp-block-image size-full\"><img loading=\"lazy\" decoding=\"async\" width=\"600\" height=\"803\" data-id=\"5004\" src=\"https:\/\/indasocial.com\/INDA\/wp-content\/uploads\/2025\/08\/09-vogue.png\" alt=\"\" class=\"wp-image-5004\" srcset=\"https:\/\/indasocial.com\/INDA\/wp-content\/uploads\/2025\/08\/09-vogue.png 600w, https:\/\/indasocial.com\/INDA\/wp-content\/uploads\/2025\/08\/09-vogue-150x201.png 150w, https:\/\/indasocial.com\/INDA\/wp-content\/uploads\/2025\/08\/09-vogue-300x402.png 300w\" sizes=\"(max-width: 600px) 100vw, 600px\" \/><\/figure>\n\n\n\n<figure class=\"wp-block-image size-large\"><img loading=\"lazy\" decoding=\"async\" width=\"600\" height=\"819\" data-id=\"4999\" src=\"https:\/\/indasocial.com\/INDA\/wp-content\/uploads\/2025\/08\/04-vogue.png\" alt=\"\" class=\"wp-image-4999\" srcset=\"https:\/\/indasocial.com\/INDA\/wp-content\/uploads\/2025\/08\/04-vogue.png 600w, https:\/\/indasocial.com\/INDA\/wp-content\/uploads\/2025\/08\/04-vogue-150x205.png 150w, https:\/\/indasocial.com\/INDA\/wp-content\/uploads\/2025\/08\/04-vogue-300x410.png 300w\" sizes=\"(max-width: 600px) 100vw, 600px\" \/><\/figure>\n\n\n\n<figure class=\"wp-block-image size-full\"><img loading=\"lazy\" decoding=\"async\" width=\"800\" height=\"598\" data-id=\"5000\" src=\"https:\/\/indasocial.com\/INDA\/wp-content\/uploads\/2025\/08\/05-vogue.png\" alt=\"\" class=\"wp-image-5000\" srcset=\"https:\/\/indasocial.com\/INDA\/wp-content\/uploads\/2025\/08\/05-vogue.png 800w, https:\/\/indasocial.com\/INDA\/wp-content\/uploads\/2025\/08\/05-vogue-150x112.png 150w, https:\/\/indasocial.com\/INDA\/wp-content\/uploads\/2025\/08\/05-vogue-300x224.png 300w, https:\/\/indasocial.com\/INDA\/wp-content\/uploads\/2025\/08\/05-vogue-696x520.png 696w, https:\/\/indasocial.com\/INDA\/wp-content\/uploads\/2025\/08\/05-vogue-600x449.png 600w\" sizes=\"(max-width: 800px) 100vw, 800px\" \/><\/figure>\n<\/figure>\n\n\n\n<p class=\"has-black-color has-text-color has-link-color wp-elements-c160aec35afc57f095e2e667e59cbe29\">La jornada abri\u00f3 con un panel sobre el <strong>futuro del retail de lujo<\/strong>, encabezado por <strong>Claudia Favella y Daniela Vitale<\/strong>, seguido de una charla en torno a la <strong>tradici\u00f3n en el negocio de la moda<\/strong> con <strong>Patricio Campillo, Ra\u00fal L\u00f3pez y Monserrat Messeguer<\/strong>.<\/p>\n\n\n\n<figure class=\"wp-block-gallery has-nested-images columns-default is-cropped wp-block-gallery-2 is-layout-flex wp-block-gallery-is-layout-flex\">\n<figure class=\"wp-block-image size-large\"><img loading=\"lazy\" decoding=\"async\" width=\"600\" height=\"801\" data-id=\"5003\" src=\"https:\/\/indasocial.com\/INDA\/wp-content\/uploads\/2025\/08\/08-vogue.png\" alt=\"\" class=\"wp-image-5003\" srcset=\"https:\/\/indasocial.com\/INDA\/wp-content\/uploads\/2025\/08\/08-vogue.png 600w, https:\/\/indasocial.com\/INDA\/wp-content\/uploads\/2025\/08\/08-vogue-150x200.png 150w, https:\/\/indasocial.com\/INDA\/wp-content\/uploads\/2025\/08\/08-vogue-300x401.png 300w\" sizes=\"(max-width: 600px) 100vw, 600px\" \/><\/figure>\n\n\n\n<figure class=\"wp-block-image size-large\"><img loading=\"lazy\" decoding=\"async\" width=\"600\" height=\"802\" data-id=\"5007\" src=\"https:\/\/indasocial.com\/INDA\/wp-content\/uploads\/2025\/08\/12-vogue.png\" alt=\"\" class=\"wp-image-5007\" srcset=\"https:\/\/indasocial.com\/INDA\/wp-content\/uploads\/2025\/08\/12-vogue.png 600w, https:\/\/indasocial.com\/INDA\/wp-content\/uploads\/2025\/08\/12-vogue-150x201.png 150w, https:\/\/indasocial.com\/INDA\/wp-content\/uploads\/2025\/08\/12-vogue-300x401.png 300w\" sizes=\"(max-width: 600px) 100vw, 600px\" \/><\/figure>\n\n\n\n<figure class=\"wp-block-image size-large\"><img loading=\"lazy\" decoding=\"async\" width=\"600\" height=\"803\" data-id=\"5006\" src=\"https:\/\/indasocial.com\/INDA\/wp-content\/uploads\/2025\/08\/11-vogue.png\" alt=\"\" class=\"wp-image-5006\" srcset=\"https:\/\/indasocial.com\/INDA\/wp-content\/uploads\/2025\/08\/11-vogue.png 600w, https:\/\/indasocial.com\/INDA\/wp-content\/uploads\/2025\/08\/11-vogue-150x201.png 150w, https:\/\/indasocial.com\/INDA\/wp-content\/uploads\/2025\/08\/11-vogue-300x402.png 300w\" sizes=\"(max-width: 600px) 100vw, 600px\" \/><\/figure>\n\n\n\n<figure class=\"wp-block-image size-large\"><img loading=\"lazy\" decoding=\"async\" width=\"600\" height=\"801\" data-id=\"5008\" src=\"https:\/\/indasocial.com\/INDA\/wp-content\/uploads\/2025\/08\/13-vogue.png\" alt=\"\" class=\"wp-image-5008\" srcset=\"https:\/\/indasocial.com\/INDA\/wp-content\/uploads\/2025\/08\/13-vogue.png 600w, https:\/\/indasocial.com\/INDA\/wp-content\/uploads\/2025\/08\/13-vogue-150x200.png 150w, https:\/\/indasocial.com\/INDA\/wp-content\/uploads\/2025\/08\/13-vogue-300x401.png 300w\" sizes=\"(max-width: 600px) 100vw, 600px\" \/><\/figure>\n\n\n\n<figure class=\"wp-block-image size-large\"><img loading=\"lazy\" decoding=\"async\" width=\"600\" height=\"802\" data-id=\"5009\" src=\"https:\/\/indasocial.com\/INDA\/wp-content\/uploads\/2025\/08\/14-vogue.png\" alt=\"\" class=\"wp-image-5009\" srcset=\"https:\/\/indasocial.com\/INDA\/wp-content\/uploads\/2025\/08\/14-vogue.png 600w, https:\/\/indasocial.com\/INDA\/wp-content\/uploads\/2025\/08\/14-vogue-150x201.png 150w, https:\/\/indasocial.com\/INDA\/wp-content\/uploads\/2025\/08\/14-vogue-300x401.png 300w\" sizes=\"(max-width: 600px) 100vw, 600px\" \/><\/figure>\n<\/figure>\n\n\n\n<p class=\"has-black-color has-text-color has-link-color wp-elements-5c5d8b4f6f92a1e4e02a131beca8f7e7\">M\u00e1s tarde, la conversaci\u00f3n gir\u00f3 hacia la <strong>creatividad femenina en el automovilismo<\/strong>, con la participaci\u00f3n de <strong>Minos Santamar\u00eda, Gabriela Garc\u00eda, Brenda G\u00f3mez, Ana Claudia Talanc\u00f3n y Karen Le\u00f3n<\/strong>, quienes destacaron el papel transformador de las mujeres en un sector hist\u00f3ricamente masculino.<\/p>\n\n\n\n<figure class=\"wp-block-gallery has-nested-images columns-default is-cropped wp-block-gallery-3 is-layout-flex wp-block-gallery-is-layout-flex\">\n<figure class=\"wp-block-image size-large\"><img loading=\"lazy\" decoding=\"async\" width=\"800\" height=\"600\" data-id=\"5018\" src=\"https:\/\/indasocial.com\/INDA\/wp-content\/uploads\/2025\/08\/18-vogue.png\" alt=\"\" class=\"wp-image-5018\" srcset=\"https:\/\/indasocial.com\/INDA\/wp-content\/uploads\/2025\/08\/18-vogue.png 800w, https:\/\/indasocial.com\/INDA\/wp-content\/uploads\/2025\/08\/18-vogue-150x113.png 150w, https:\/\/indasocial.com\/INDA\/wp-content\/uploads\/2025\/08\/18-vogue-300x225.png 300w, https:\/\/indasocial.com\/INDA\/wp-content\/uploads\/2025\/08\/18-vogue-696x522.png 696w, https:\/\/indasocial.com\/INDA\/wp-content\/uploads\/2025\/08\/18-vogue-600x450.png 600w\" sizes=\"(max-width: 800px) 100vw, 800px\" \/><\/figure>\n\n\n\n<figure class=\"wp-block-image size-large\"><img loading=\"lazy\" decoding=\"async\" width=\"600\" height=\"803\" data-id=\"5011\" src=\"https:\/\/indasocial.com\/INDA\/wp-content\/uploads\/2025\/08\/02-vogue.png\" alt=\"\" class=\"wp-image-5011\" srcset=\"https:\/\/indasocial.com\/INDA\/wp-content\/uploads\/2025\/08\/02-vogue.png 600w, https:\/\/indasocial.com\/INDA\/wp-content\/uploads\/2025\/08\/02-vogue-150x201.png 150w, https:\/\/indasocial.com\/INDA\/wp-content\/uploads\/2025\/08\/02-vogue-300x402.png 300w\" sizes=\"(max-width: 600px) 100vw, 600px\" \/><\/figure>\n<\/figure>\n\n\n\n<figure class=\"wp-block-image size-full\"><img loading=\"lazy\" decoding=\"async\" width=\"800\" height=\"594\" src=\"https:\/\/indasocial.com\/INDA\/wp-content\/uploads\/2025\/08\/16-vogue.png\" alt=\"\" class=\"wp-image-5016\" srcset=\"https:\/\/indasocial.com\/INDA\/wp-content\/uploads\/2025\/08\/16-vogue.png 800w, https:\/\/indasocial.com\/INDA\/wp-content\/uploads\/2025\/08\/16-vogue-150x111.png 150w, https:\/\/indasocial.com\/INDA\/wp-content\/uploads\/2025\/08\/16-vogue-300x223.png 300w, https:\/\/indasocial.com\/INDA\/wp-content\/uploads\/2025\/08\/16-vogue-485x360.png 485w, https:\/\/indasocial.com\/INDA\/wp-content\/uploads\/2025\/08\/16-vogue-696x517.png 696w, https:\/\/indasocial.com\/INDA\/wp-content\/uploads\/2025\/08\/16-vogue-600x446.png 600w\" sizes=\"(max-width: 800px) 100vw, 800px\" \/><\/figure>\n\n\n\n<p class=\"has-black-color has-text-color has-link-color wp-elements-287edd8b92185ad22323166325fd5700\">Tras una pausa, el evento retom\u00f3 su dinamismo con un panel dedicado al <strong>bienestar y balance hormonal<\/strong>, a cargo de <strong>Sarah Jessica Mizrahi, Raquel Sarfati, Mariel Fern\u00e1ndez Celis y Pamela Berrondo<\/strong>, quienes exploraron el impacto de tratamientos y suplementos en la salud integral. En paralelo, <strong>Renata Petersen y Andr\u00e9s Anza<\/strong> abordaron la importancia del arte en M\u00e9xico, resaltando la innovaci\u00f3n y resiliencia de la escena art\u00edstica nacional.<\/p>\n\n\n\n<figure class=\"wp-block-gallery has-nested-images columns-default is-cropped wp-block-gallery-4 is-layout-flex wp-block-gallery-is-layout-flex\">\n<figure class=\"wp-block-image size-large\"><img loading=\"lazy\" decoding=\"async\" width=\"600\" height=\"801\" data-id=\"5022\" src=\"https:\/\/indasocial.com\/INDA\/wp-content\/uploads\/2025\/08\/22-vogue.png\" alt=\"\" class=\"wp-image-5022\" srcset=\"https:\/\/indasocial.com\/INDA\/wp-content\/uploads\/2025\/08\/22-vogue.png 600w, https:\/\/indasocial.com\/INDA\/wp-content\/uploads\/2025\/08\/22-vogue-150x200.png 150w, https:\/\/indasocial.com\/INDA\/wp-content\/uploads\/2025\/08\/22-vogue-300x401.png 300w\" sizes=\"(max-width: 600px) 100vw, 600px\" \/><\/figure>\n\n\n\n<figure class=\"wp-block-image size-large\"><img loading=\"lazy\" decoding=\"async\" width=\"800\" height=\"602\" data-id=\"5019\" src=\"https:\/\/indasocial.com\/INDA\/wp-content\/uploads\/2025\/08\/19-vogue.png\" alt=\"\" class=\"wp-image-5019\" srcset=\"https:\/\/indasocial.com\/INDA\/wp-content\/uploads\/2025\/08\/19-vogue.png 800w, https:\/\/indasocial.com\/INDA\/wp-content\/uploads\/2025\/08\/19-vogue-150x113.png 150w, https:\/\/indasocial.com\/INDA\/wp-content\/uploads\/2025\/08\/19-vogue-300x226.png 300w, https:\/\/indasocial.com\/INDA\/wp-content\/uploads\/2025\/08\/19-vogue-696x524.png 696w, https:\/\/indasocial.com\/INDA\/wp-content\/uploads\/2025\/08\/19-vogue-600x452.png 600w\" sizes=\"(max-width: 800px) 100vw, 800px\" \/><\/figure>\n<\/figure>\n\n\n\n<figure class=\"wp-block-image size-full\"><img loading=\"lazy\" decoding=\"async\" width=\"800\" height=\"598\" src=\"https:\/\/indasocial.com\/INDA\/wp-content\/uploads\/2025\/08\/21-vogue.png\" alt=\"\" class=\"wp-image-5021\" srcset=\"https:\/\/indasocial.com\/INDA\/wp-content\/uploads\/2025\/08\/21-vogue.png 800w, https:\/\/indasocial.com\/INDA\/wp-content\/uploads\/2025\/08\/21-vogue-150x112.png 150w, https:\/\/indasocial.com\/INDA\/wp-content\/uploads\/2025\/08\/21-vogue-300x224.png 300w, https:\/\/indasocial.com\/INDA\/wp-content\/uploads\/2025\/08\/21-vogue-696x520.png 696w, https:\/\/indasocial.com\/INDA\/wp-content\/uploads\/2025\/08\/21-vogue-600x449.png 600w\" sizes=\"(max-width: 800px) 100vw, 800px\" \/><\/figure>\n\n\n\n<p class=\"has-black-color has-text-color has-link-color wp-elements-35be821019b4dadecf846f777b8a94b1\">La \u00faltima parte del programa estuvo dedicada a la <strong>narrativa y hospitalidad<\/strong>. Por un lado, <strong>Sarah Barret y Ana Paula Ordorica<\/strong> conversaron sobre la evoluci\u00f3n y relevancia de los podcasts como herramienta de conexi\u00f3n y comunicaci\u00f3n. Finalmente, <strong>Isabel Castillo, Montserrat Garza, Lorea Olavarr\u00ed y Odette Olavarr\u00eda<\/strong> cerraron con un panel centrado en la <strong>gastronom\u00eda dentro de la hospitalidad<\/strong>, subrayando c\u00f3mo la experiencia culinaria se ha convertido en un eje de transformaci\u00f3n cultural y social.<\/p>\n\n\n\n<figure class=\"wp-block-gallery has-nested-images columns-default is-cropped wp-block-gallery-5 is-layout-flex wp-block-gallery-is-layout-flex\">\n<figure class=\"wp-block-image size-large\"><img loading=\"lazy\" decoding=\"async\" width=\"600\" height=\"805\" data-id=\"5028\" src=\"https:\/\/indasocial.com\/INDA\/wp-content\/uploads\/2025\/08\/28-vogue.png\" alt=\"\" class=\"wp-image-5028\" srcset=\"https:\/\/indasocial.com\/INDA\/wp-content\/uploads\/2025\/08\/28-vogue.png 600w, https:\/\/indasocial.com\/INDA\/wp-content\/uploads\/2025\/08\/28-vogue-150x201.png 150w, https:\/\/indasocial.com\/INDA\/wp-content\/uploads\/2025\/08\/28-vogue-300x403.png 300w\" sizes=\"(max-width: 600px) 100vw, 600px\" \/><\/figure>\n\n\n\n<figure class=\"wp-block-image size-large\"><img loading=\"lazy\" decoding=\"async\" width=\"600\" height=\"799\" data-id=\"5027\" src=\"https:\/\/indasocial.com\/INDA\/wp-content\/uploads\/2025\/08\/27-vogue.png\" alt=\"\" class=\"wp-image-5027\" srcset=\"https:\/\/indasocial.com\/INDA\/wp-content\/uploads\/2025\/08\/27-vogue.png 600w, https:\/\/indasocial.com\/INDA\/wp-content\/uploads\/2025\/08\/27-vogue-150x200.png 150w, https:\/\/indasocial.com\/INDA\/wp-content\/uploads\/2025\/08\/27-vogue-300x400.png 300w\" sizes=\"(max-width: 600px) 100vw, 600px\" \/><\/figure>\n\n\n\n<figure class=\"wp-block-image size-large\"><img loading=\"lazy\" decoding=\"async\" width=\"600\" height=\"801\" data-id=\"5029\" src=\"https:\/\/indasocial.com\/INDA\/wp-content\/uploads\/2025\/08\/29-vogue.png\" alt=\"\" class=\"wp-image-5029\" srcset=\"https:\/\/indasocial.com\/INDA\/wp-content\/uploads\/2025\/08\/29-vogue.png 600w, https:\/\/indasocial.com\/INDA\/wp-content\/uploads\/2025\/08\/29-vogue-150x200.png 150w, https:\/\/indasocial.com\/INDA\/wp-content\/uploads\/2025\/08\/29-vogue-300x401.png 300w\" sizes=\"(max-width: 600px) 100vw, 600px\" \/><\/figure>\n\n\n\n<figure class=\"wp-block-image size-large\"><img loading=\"lazy\" decoding=\"async\" width=\"800\" height=\"579\" data-id=\"5026\" src=\"https:\/\/indasocial.com\/INDA\/wp-content\/uploads\/2025\/08\/26-vogue.png\" alt=\"\" class=\"wp-image-5026\" srcset=\"https:\/\/indasocial.com\/INDA\/wp-content\/uploads\/2025\/08\/26-vogue.png 800w, https:\/\/indasocial.com\/INDA\/wp-content\/uploads\/2025\/08\/26-vogue-150x109.png 150w, https:\/\/indasocial.com\/INDA\/wp-content\/uploads\/2025\/08\/26-vogue-300x217.png 300w, https:\/\/indasocial.com\/INDA\/wp-content\/uploads\/2025\/08\/26-vogue-696x504.png 696w, https:\/\/indasocial.com\/INDA\/wp-content\/uploads\/2025\/08\/26-vogue-600x434.png 600w\" sizes=\"(max-width: 800px) 100vw, 800px\" \/><\/figure>\n<\/figure>\n\n\n\n<p class=\"has-black-color has-text-color has-link-color wp-elements-5acbc74ca5294e042800f992f10f7516\">En su conjunto, <strong>Vogue Leaders by Porsche<\/strong> no solo fue un espacio de di\u00e1logo, sino tambi\u00e9n de inspiraci\u00f3n y networking para las asistentes, quienes pudieron conectar con l\u00edderes de m\u00faltiples disciplinas.<\/p>\n\n\n\n<blockquote class=\"wp-block-quote\">\n<p class=\"has-black-color has-text-color has-link-color wp-elements-8de24b1fed88d8cf63025c2a863721d0\">\u00abUna vez m\u00e1s, este encuentro confirm\u00f3 la relevancia de abrir foros que impulsen el crecimiento de las mujeres y fortalezcan su impacto en los negocios, la creatividad y la sociedad\u00bb.<\/p>\n<\/blockquote>\n\n\n\n<figure class=\"wp-block-gallery has-nested-images columns-default is-cropped wp-block-gallery-6 is-layout-flex wp-block-gallery-is-layout-flex\">\n<figure class=\"wp-block-image size-large\"><img loading=\"lazy\" decoding=\"async\" width=\"600\" height=\"800\" data-id=\"5030\" src=\"https:\/\/indasocial.com\/INDA\/wp-content\/uploads\/2025\/08\/30-vogue.png\" alt=\"\" class=\"wp-image-5030\" srcset=\"https:\/\/indasocial.com\/INDA\/wp-content\/uploads\/2025\/08\/30-vogue.png 600w, https:\/\/indasocial.com\/INDA\/wp-content\/uploads\/2025\/08\/30-vogue-150x200.png 150w, https:\/\/indasocial.com\/INDA\/wp-content\/uploads\/2025\/08\/30-vogue-300x400.png 300w\" sizes=\"(max-width: 600px) 100vw, 600px\" \/><\/figure>\n\n\n\n<figure class=\"wp-block-image size-large\"><img loading=\"lazy\" decoding=\"async\" width=\"600\" height=\"801\" data-id=\"5017\" src=\"https:\/\/indasocial.com\/INDA\/wp-content\/uploads\/2025\/08\/17-vogue.png\" alt=\"\" class=\"wp-image-5017\" srcset=\"https:\/\/indasocial.com\/INDA\/wp-content\/uploads\/2025\/08\/17-vogue.png 600w, https:\/\/indasocial.com\/INDA\/wp-content\/uploads\/2025\/08\/17-vogue-150x200.png 150w, https:\/\/indasocial.com\/INDA\/wp-content\/uploads\/2025\/08\/17-vogue-300x401.png 300w\" sizes=\"(max-width: 600px) 100vw, 600px\" \/><\/figure>\n\n\n\n<figure class=\"wp-block-image size-large\"><img loading=\"lazy\" decoding=\"async\" width=\"600\" height=\"802\" data-id=\"5005\" src=\"https:\/\/indasocial.com\/INDA\/wp-content\/uploads\/2025\/08\/10-vogue.png\" alt=\"\" class=\"wp-image-5005\" srcset=\"https:\/\/indasocial.com\/INDA\/wp-content\/uploads\/2025\/08\/10-vogue.png 600w, https:\/\/indasocial.com\/INDA\/wp-content\/uploads\/2025\/08\/10-vogue-150x201.png 150w, https:\/\/indasocial.com\/INDA\/wp-content\/uploads\/2025\/08\/10-vogue-300x401.png 300w\" sizes=\"(max-width: 600px) 100vw, 600px\" \/><\/figure>\n\n\n\n<figure class=\"wp-block-image size-large\"><img loading=\"lazy\" decoding=\"async\" width=\"600\" height=\"804\" data-id=\"5025\" src=\"https:\/\/indasocial.com\/INDA\/wp-content\/uploads\/2025\/08\/25-vogue.png\" alt=\"\" class=\"wp-image-5025\" srcset=\"https:\/\/indasocial.com\/INDA\/wp-content\/uploads\/2025\/08\/25-vogue.png 600w, https:\/\/indasocial.com\/INDA\/wp-content\/uploads\/2025\/08\/25-vogue-150x201.png 150w, https:\/\/indasocial.com\/INDA\/wp-content\/uploads\/2025\/08\/25-vogue-300x402.png 300w\" sizes=\"(max-width: 600px) 100vw, 600px\" \/><\/figure>\n\n\n\n<figure class=\"wp-block-image size-large\"><img loading=\"lazy\" decoding=\"async\" width=\"600\" height=\"796\" data-id=\"5061\" src=\"https:\/\/indasocial.com\/INDA\/wp-content\/uploads\/2025\/09\/31.png\" alt=\"\" class=\"wp-image-5061\" srcset=\"https:\/\/indasocial.com\/INDA\/wp-content\/uploads\/2025\/09\/31.png 600w, https:\/\/indasocial.com\/INDA\/wp-content\/uploads\/2025\/09\/31-150x199.png 150w, https:\/\/indasocial.com\/INDA\/wp-content\/uploads\/2025\/09\/31-300x398.png 300w\" sizes=\"(max-width: 600px) 100vw, 600px\" \/><\/figure>\n<\/figure>\n","protected":false},"excerpt":{"rendered":"<p>El pasado 27 de agosto de 2025, la Ciudad de M\u00e9xico fue testigo de una nueva edici\u00f3n de Vogue Leaders by Porsche, un evento que reafirma su compromiso con el impulso y visibilidad de la trayectoria profesional de mujeres en diversas industrias. El Hotel Four Seasons se convirti\u00f3 en el punto de encuentro de voces [&hellip;]<\/p>\n","protected":false},"author":1,"featured_media":5016,"comment_status":"open","ping_status":"closed","sticky":false,"template":"","format":"standard","meta":{"footnotes":""},"categories":[15,748,10],"tags":[259,545,938,28,74,937,936,605],"_links":{"self":[{"href":"https:\/\/indasocial.com\/INDA\/wp-json\/wp\/v2\/posts\/4991"}],"collection":[{"href":"https:\/\/indasocial.com\/INDA\/wp-json\/wp\/v2\/posts"}],"about":[{"href":"https:\/\/indasocial.com\/INDA\/wp-json\/wp\/v2\/types\/post"}],"author":[{"embeddable":true,"href":"https:\/\/indasocial.com\/INDA\/wp-json\/wp\/v2\/users\/1"}],"replies":[{"embeddable":true,"href":"https:\/\/indasocial.com\/INDA\/wp-json\/wp\/v2\/comments?post=4991"}],"version-history":[{"count":5,"href":"https:\/\/indasocial.com\/INDA\/wp-json\/wp\/v2\/posts\/4991\/revisions"}],"predecessor-version":[{"id":5062,"href":"https:\/\/indasocial.com\/INDA\/wp-json\/wp\/v2\/posts\/4991\/revisions\/5062"}],"wp:featuredmedia":[{"embeddable":true,"href":"https:\/\/indasocial.com\/INDA\/wp-json\/wp\/v2\/media\/5016"}],"wp:attachment":[{"href":"https:\/\/indasocial.com\/INDA\/wp-json\/wp\/v2\/media?parent=4991"}],"wp:term":[{"taxonomy":"category","embeddable":true,"href":"https:\/\/indasocial.com\/INDA\/wp-json\/wp\/v2\/categories?post=4991"},{"taxonomy":"post_tag","embeddable":true,"href":"https:\/\/indasocial.com\/INDA\/wp-json\/wp\/v2\/tags?post=4991"}],"curies":[{"name":"wp","href":"https:\/\/api.w.org\/{rel}","templated":true}]}}