{"id":4825,"date":"2025-06-17T23:13:37","date_gmt":"2025-06-17T23:13:37","guid":{"rendered":"https:\/\/indasocial.com\/INDA\/?p=4825"},"modified":"2025-06-17T23:19:56","modified_gmt":"2025-06-17T23:19:56","slug":"ledger-leaders-week","status":"publish","type":"post","link":"https:\/\/indasocial.com\/INDA\/2025\/06\/17\/ledger-leaders-week\/","title":{"rendered":"LEDGER LEADERS WEEK: Los l\u00edderes de hoy activando el ma\u00f1ana."},"content":{"rendered":"\n<p class=\"has-black-color has-text-color has-link-color wp-elements-54277557f0bacf401c26a660464ca206\"><strong><a class=\"keychainify-checked\" href=\"https:\/\/www.foroblockchain.com\/\" target=\"_blank\" rel=\"noreferrer noopener\">Ledger Leaders Week<\/a> <\/strong>transform\u00f3 la Ciudad de M\u00e9xico en el epicentro latinoamericano de la innovaci\u00f3n blockchain durante cinco d\u00edas vibrantes de di\u00e1logo, descubrimiento y disrupci\u00f3n. Del 19 al 23 de mayo, l\u00edderes de tecnolog\u00eda, derechos humanos digitales, desarrolladores, startups, inversionistas y entusiastas del <strong>ecosistema web3<\/strong> se reunieron para crear redes sociales, compartir visiones y marcar el pulso del futuro descentralizado.<\/p>\n\n\n\n<p class=\"has-black-color has-text-color has-link-color wp-elements-0c9bbcbf85bd3c60584e90a1e61b4d48\">El evento destac\u00f3 por su enfoque en educaci\u00f3n, regulaci\u00f3n, seguridad y casos reales de adopci\u00f3n de la<strong><a href=\"https:\/\/www.ibm.com\/mx-es\/topics\/blockchain\" target=\"_blank\" rel=\"noreferrer noopener\"> tecnolog\u00eda blockchain. <\/a><\/strong><\/p>\n\n\n\n<figure class=\"wp-block-image size-large\"><img loading=\"lazy\" decoding=\"async\" width=\"1160\" height=\"892\" src=\"https:\/\/indasocial.com\/INDA\/wp-content\/uploads\/2025\/06\/02-1160x892.png\" alt=\"\" class=\"wp-image-4829\" srcset=\"https:\/\/indasocial.com\/INDA\/wp-content\/uploads\/2025\/06\/02-1160x892.png 1160w, https:\/\/indasocial.com\/INDA\/wp-content\/uploads\/2025\/06\/02-800x615.png 800w, https:\/\/indasocial.com\/INDA\/wp-content\/uploads\/2025\/06\/02-1536x1182.png 1536w, https:\/\/indasocial.com\/INDA\/wp-content\/uploads\/2025\/06\/02-150x115.png 150w, https:\/\/indasocial.com\/INDA\/wp-content\/uploads\/2025\/06\/02-300x231.png 300w, https:\/\/indasocial.com\/INDA\/wp-content\/uploads\/2025\/06\/02-696x535.png 696w, https:\/\/indasocial.com\/INDA\/wp-content\/uploads\/2025\/06\/02-1068x822.png 1068w, https:\/\/indasocial.com\/INDA\/wp-content\/uploads\/2025\/06\/02-1920x1477.png 1920w, https:\/\/indasocial.com\/INDA\/wp-content\/uploads\/2025\/06\/02-600x462.png 600w, https:\/\/indasocial.com\/INDA\/wp-content\/uploads\/2025\/06\/02.png 1924w\" sizes=\"(max-width: 1160px) 100vw, 1160px\" \/><\/figure>\n\n\n\n<blockquote class=\"wp-block-quote\">\n<h2 class=\"wp-block-heading has-text-align-center has-black-color has-text-color has-link-color wp-elements-0982c82c09cce331e2c83aa34c8c7c65\">\u00abCon paneles liderados por expertos del gobierno y empresas como <strong>Senado de la Rep\u00fablica, Ledger, Polygon, Red de Defensa de los Derechos Digitales R3D, META y decenas de proyectos emergentes,<\/strong> exploraron desde los fundamentos t\u00e9cnicos hasta los desaf\u00edos \u00e9ticos y sociales de esta revoluci\u00f3n digital\u00bb. <\/h2>\n<cite>&#8211; <em>Ledger Leaders Week Mx 2025.<\/em><\/cite><\/blockquote>\n\n\n\n<p class=\"has-black-color has-text-color has-link-color wp-elements-5d0d53860603eddf38469d8db9652acb\">La participaci\u00f3n de voces diversas hizo que cada charla ofreciera perspectivas frescas, desde el rol de los derechos digitales y ciberseguridad, hasta las estrategias de <strong><a href=\"https:\/\/aws.amazon.com\/es\/what-is\/web3\/\" target=\"_blank\" rel=\"noreferrer noopener\">educaci\u00f3n en Web3<\/a><\/strong> para aplicar en la academia e instituciones p\u00fablicas y\/o privadas.<\/p>\n\n\n\n<figure class=\"wp-block-image size-large\"><img loading=\"lazy\" decoding=\"async\" width=\"1160\" height=\"900\" src=\"https:\/\/indasocial.com\/INDA\/wp-content\/uploads\/2025\/06\/03-1160x900.png\" alt=\"\" class=\"wp-image-4830\" srcset=\"https:\/\/indasocial.com\/INDA\/wp-content\/uploads\/2025\/06\/03-1160x900.png 1160w, https:\/\/indasocial.com\/INDA\/wp-content\/uploads\/2025\/06\/03-800x621.png 800w, https:\/\/indasocial.com\/INDA\/wp-content\/uploads\/2025\/06\/03-1536x1192.png 1536w, https:\/\/indasocial.com\/INDA\/wp-content\/uploads\/2025\/06\/03-150x116.png 150w, https:\/\/indasocial.com\/INDA\/wp-content\/uploads\/2025\/06\/03-300x233.png 300w, https:\/\/indasocial.com\/INDA\/wp-content\/uploads\/2025\/06\/03-696x540.png 696w, https:\/\/indasocial.com\/INDA\/wp-content\/uploads\/2025\/06\/03-1068x829.png 1068w, https:\/\/indasocial.com\/INDA\/wp-content\/uploads\/2025\/06\/03-1920x1490.png 1920w, https:\/\/indasocial.com\/INDA\/wp-content\/uploads\/2025\/06\/03-600x466.png 600w, https:\/\/indasocial.com\/INDA\/wp-content\/uploads\/2025\/06\/03.png 1922w\" sizes=\"(max-width: 1160px) 100vw, 1160px\" \/><\/figure>\n\n\n\n<p class=\"has-black-color has-text-color has-link-color wp-elements-e1a987ac10efb295a2a2dcee44b897d5\">Uno de los aspectos m\u00e1s valiosos del evento fue la experiencia de comunidad: m\u00e1s all\u00e1 de las conferencias, se vivieron momentos de networking org\u00e1nico, talleres pr\u00e1cticos, lanzamientos de productos y reuniones. El evento se convirti\u00f3 en una red viva, con sedes simult\u00e1neas y actividades paralelas que fortalecieron la cohesi\u00f3n del ecosistema <strong><a href=\"https:\/\/www.bbva.com\/es\/innovacion\/guia-para-no-perderse-con-las-criptomonedas-y-la-economia-descentralizada\/\" target=\"_blank\" rel=\"noreferrer noopener\">Cripto\/Blockchain<\/a><\/strong> en M\u00e9xico.<\/p>\n\n\n\n<figure class=\"wp-block-image size-large\"><img loading=\"lazy\" decoding=\"async\" width=\"1916\" height=\"1488\" src=\"https:\/\/indasocial.com\/INDA\/wp-content\/uploads\/2025\/06\/01-1160x901.png\" alt=\"\" class=\"wp-image-4828\" srcset=\"https:\/\/indasocial.com\/INDA\/wp-content\/uploads\/2025\/06\/01-1160x901.png 1160w, https:\/\/indasocial.com\/INDA\/wp-content\/uploads\/2025\/06\/01-800x621.png 800w, https:\/\/indasocial.com\/INDA\/wp-content\/uploads\/2025\/06\/01-1536x1193.png 1536w, https:\/\/indasocial.com\/INDA\/wp-content\/uploads\/2025\/06\/01-150x116.png 150w, https:\/\/indasocial.com\/INDA\/wp-content\/uploads\/2025\/06\/01-300x233.png 300w, https:\/\/indasocial.com\/INDA\/wp-content\/uploads\/2025\/06\/01-696x541.png 696w, https:\/\/indasocial.com\/INDA\/wp-content\/uploads\/2025\/06\/01-1068x829.png 1068w, https:\/\/indasocial.com\/INDA\/wp-content\/uploads\/2025\/06\/01-600x466.png 600w, https:\/\/indasocial.com\/INDA\/wp-content\/uploads\/2025\/06\/01.png 1916w\" sizes=\"(max-width: 1916px) 100vw, 1916px\" \/><\/figure>\n\n\n\n<p class=\"has-black-color has-text-color has-link-color wp-elements-b8064e814fe72363a73f6eb374eb7af7\"><strong><a class=\"keychainify-checked\" href=\"https:\/\/www.foroblockchain.com\/\" target=\"_blank\" rel=\"noreferrer noopener\">Ledger Leaders Week <\/a><\/strong>no solo consolid\u00f3 a CDMX como un hub clave para la tecnolog\u00eda blockchain, sino que dej\u00f3 una huella de inspiraci\u00f3n y prop\u00f3sito colectivo para pr\u00f3ximos encuentros. Este evento fue m\u00e1s que una serie de charlas: fue un manifiesto de colaboraci\u00f3n y visi\u00f3n compartida hacia un futuro m\u00e1s transparente, inclusivo y seguro en la era digital.<\/p>\n","protected":false},"excerpt":{"rendered":"<p>Ledger Leaders Week transform\u00f3 la Ciudad de M\u00e9xico en el epicentro latinoamericano de la innovaci\u00f3n blockchain durante cinco d\u00edas vibrantes de di\u00e1logo, descubrimiento y disrupci\u00f3n. Del 19 al 23 de mayo, l\u00edderes de tecnolog\u00eda, derechos humanos digitales, desarrolladores, startups, inversionistas y entusiastas del ecosistema web3 se reunieron para crear redes sociales, compartir visiones y marcar [&hellip;]<\/p>\n","protected":false},"author":1,"featured_media":4831,"comment_status":"open","ping_status":"closed","sticky":false,"template":"","format":"standard","meta":{"footnotes":""},"categories":[15,10],"tags":[287,853,259,852,908,408],"_links":{"self":[{"href":"https:\/\/indasocial.com\/INDA\/wp-json\/wp\/v2\/posts\/4825"}],"collection":[{"href":"https:\/\/indasocial.com\/INDA\/wp-json\/wp\/v2\/posts"}],"about":[{"href":"https:\/\/indasocial.com\/INDA\/wp-json\/wp\/v2\/types\/post"}],"author":[{"embeddable":true,"href":"https:\/\/indasocial.com\/INDA\/wp-json\/wp\/v2\/users\/1"}],"replies":[{"embeddable":true,"href":"https:\/\/indasocial.com\/INDA\/wp-json\/wp\/v2\/comments?post=4825"}],"version-history":[{"count":4,"href":"https:\/\/indasocial.com\/INDA\/wp-json\/wp\/v2\/posts\/4825\/revisions"}],"predecessor-version":[{"id":4835,"href":"https:\/\/indasocial.com\/INDA\/wp-json\/wp\/v2\/posts\/4825\/revisions\/4835"}],"wp:featuredmedia":[{"embeddable":true,"href":"https:\/\/indasocial.com\/INDA\/wp-json\/wp\/v2\/media\/4831"}],"wp:attachment":[{"href":"https:\/\/indasocial.com\/INDA\/wp-json\/wp\/v2\/media?parent=4825"}],"wp:term":[{"taxonomy":"category","embeddable":true,"href":"https:\/\/indasocial.com\/INDA\/wp-json\/wp\/v2\/categories?post=4825"},{"taxonomy":"post_tag","embeddable":true,"href":"https:\/\/indasocial.com\/INDA\/wp-json\/wp\/v2\/tags?post=4825"}],"curies":[{"name":"wp","href":"https:\/\/api.w.org\/{rel}","templated":true}]}}