{"id":4770,"date":"2025-05-06T21:54:51","date_gmt":"2025-05-06T21:54:51","guid":{"rendered":"https:\/\/indasocial.com\/INDA\/?p=4770"},"modified":"2025-06-21T00:20:59","modified_gmt":"2025-06-21T00:20:59","slug":"talent-land-2025","status":"publish","type":"post","link":"https:\/\/indasocial.com\/INDA\/2025\/05\/06\/talent-land-2025\/","title":{"rendered":"TALENT LAND GDL: Donde la Innovaci\u00f3n Tecnol\u00f3gica Inspira un Futuro Inteligente e Hiperconectado."},"content":{"rendered":"\n<p class=\"has-black-color has-text-color has-link-color wp-elements-a8137dce1b2af8b0ede75dc1980a72af\">La reciente edici\u00f3n de <strong><a href=\"https:\/\/talent-land.mx\/\" data-type=\"link\" data-id=\"https:\/\/talent-land.mx\/\" target=\"_blank\" rel=\"noreferrer noopener\">Talent Land Guadalajara<\/a><\/strong>, celebrada del 21 al 24 de abril 2025, en <em>Centro Expositor Guadalajara<\/em>, reafirm\u00f3 su posici\u00f3n como un epicentro de inclusi\u00f3n y oportunidades para la juventud y el ecosistema emprendedor. Espacios como Talent Woman continuaron siendo fundamentales para amplificar voces diversas e inspirar a futuras l\u00edderes<a href=\"https:\/\/talent-land.mx\/land\/talent-woman\/\"> <\/a><strong><a href=\"https:\/\/talent-land.mx\/land\/talent-woman\/\" target=\"_blank\" rel=\"noreferrer noopener\">Talent Woman \u2014 Talent Land M\u00e9xico<\/a>.<\/strong> Adem\u00e1s, la presencia de la Fundaci\u00f3n Talent Land subray\u00f3 el compromiso del evento con el desarrollo educativo, tecnol\u00f3gico y empresarial a trav\u00e9s de iniciativas de apoyo y becas<a href=\"https:\/\/talent-network.org\/iniciativas\/fundacion-talent-land\/\"> <\/a><strong><a href=\"https:\/\/talent-network.org\/iniciativas\/fundacion-talent-land\/\" target=\"_blank\" rel=\"noreferrer noopener\">Fundaci\u00f3n Talent Land<\/a>.<\/strong><\/p>\n\n\n\n<figure class=\"wp-block-gallery has-nested-images columns-default is-cropped wp-block-gallery-1 is-layout-flex wp-block-gallery-is-layout-flex\">\n<figure class=\"wp-block-image size-large\"><img loading=\"lazy\" decoding=\"async\" width=\"600\" height=\"803\" data-id=\"4781\" src=\"https:\/\/indasocial.com\/INDA\/wp-content\/uploads\/2025\/05\/5.png\" alt=\"\" class=\"wp-image-4781\" srcset=\"https:\/\/indasocial.com\/INDA\/wp-content\/uploads\/2025\/05\/5.png 600w, https:\/\/indasocial.com\/INDA\/wp-content\/uploads\/2025\/05\/5-150x201.png 150w, https:\/\/indasocial.com\/INDA\/wp-content\/uploads\/2025\/05\/5-300x402.png 300w\" sizes=\"(max-width: 600px) 100vw, 600px\" \/><\/figure>\n\n\n\n<figure class=\"wp-block-image size-full\"><img loading=\"lazy\" decoding=\"async\" width=\"600\" height=\"803\" data-id=\"4787\" src=\"https:\/\/indasocial.com\/INDA\/wp-content\/uploads\/2025\/05\/11.png\" alt=\"\" class=\"wp-image-4787\" srcset=\"https:\/\/indasocial.com\/INDA\/wp-content\/uploads\/2025\/05\/11.png 600w, https:\/\/indasocial.com\/INDA\/wp-content\/uploads\/2025\/05\/11-150x201.png 150w, https:\/\/indasocial.com\/INDA\/wp-content\/uploads\/2025\/05\/11-300x402.png 300w\" sizes=\"(max-width: 600px) 100vw, 600px\" \/><\/figure>\n<\/figure>\n\n\n\n<p class=\"has-black-color has-text-color has-link-color wp-elements-f73e49f04476c6228d5daa00022e5537\">La innovaci\u00f3n vibr\u00f3 intensamente en cada rinc\u00f3n del evento, con una programaci\u00f3n que abarc\u00f3 desde <strong><a href=\"https:\/\/talent-land.mx\/land\/ai\/\" data-type=\"link\" data-id=\"https:\/\/talent-land.mx\/land\/ai\/\" target=\"_blank\" rel=\"noreferrer noopener\">AI Land<\/a>, <a href=\"https:\/\/talent-land.mx\/land\/future\/\" data-type=\"link\" data-id=\"https:\/\/talent-land.mx\/land\/future\/\" target=\"_blank\" rel=\"noreferrer noopener\">Future Land<\/a> <\/strong>y<strong> <\/strong><a href=\"https:\/\/talent-land.mx\/land\/developer\/\" data-type=\"link\" data-id=\"https:\/\/talent-land.mx\/land\/developer\/\" target=\"_blank\" rel=\"noreferrer noopener\"><strong>Developer Land.<\/strong> <\/a>Los asistentes tuvieron la oportunidad de explorar las \u00faltimas tendencias y disrupciones tecnol\u00f3gicas en m\u00faltiples escenarios, donde la <em>rob\u00f3tica, ciberseguridad, videojuegos y web3<\/em>, pueden impulsar un desarrollo m\u00e1s inteligente e hiperconectado.<\/p>\n\n\n<div class=\"wp-block-image\">\n<figure class=\"aligncenter size-full is-resized\"><img loading=\"lazy\" decoding=\"async\" width=\"600\" height=\"803\" src=\"https:\/\/indasocial.com\/INDA\/wp-content\/uploads\/2025\/05\/6.png\" alt=\"\" class=\"wp-image-4782\" style=\"width:554px;height:auto\" srcset=\"https:\/\/indasocial.com\/INDA\/wp-content\/uploads\/2025\/05\/6.png 600w, https:\/\/indasocial.com\/INDA\/wp-content\/uploads\/2025\/05\/6-150x201.png 150w, https:\/\/indasocial.com\/INDA\/wp-content\/uploads\/2025\/05\/6-300x402.png 300w\" sizes=\"(max-width: 600px) 100vw, 600px\" \/><\/figure><\/div>\n\n\n<p class=\"has-black-color has-text-color has-link-color wp-elements-882a6001f3b4ba85a51f9658dfea9b60\">Tambi\u00e9n hubo espacios dedicados a las finanzas del futuro como <strong><a href=\"https:\/\/talent-land.mx\/land\/investor\/\" data-type=\"link\" data-id=\"https:\/\/talent-land.mx\/land\/investor\/\" target=\"_blank\" rel=\"noreferrer noopener\">Investor Land<\/a><\/strong> y <a href=\"https:\/\/talent-land.mx\/land\/business\/\" data-type=\"link\" data-id=\"https:\/\/talent-land.mx\/land\/business\/\" target=\"_blank\" rel=\"noreferrer noopener\"><strong>Business Land<\/strong>.<\/a> Estos \u00faltimos ofrecieron una visi\u00f3n profunda sobre las inversiones en blockchain, el mercado de acciones y los movimientos econ\u00f3micos actuales.<\/p>\n\n\n\n<figure class=\"wp-block-gallery has-nested-images columns-default is-cropped wp-block-gallery-2 is-layout-flex wp-block-gallery-is-layout-flex\">\n<figure class=\"wp-block-image size-large\"><img loading=\"lazy\" decoding=\"async\" width=\"600\" height=\"803\" data-id=\"4790\" src=\"https:\/\/indasocial.com\/INDA\/wp-content\/uploads\/2025\/05\/14.png\" alt=\"\" class=\"wp-image-4790\" srcset=\"https:\/\/indasocial.com\/INDA\/wp-content\/uploads\/2025\/05\/14.png 600w, https:\/\/indasocial.com\/INDA\/wp-content\/uploads\/2025\/05\/14-150x201.png 150w, https:\/\/indasocial.com\/INDA\/wp-content\/uploads\/2025\/05\/14-300x402.png 300w\" sizes=\"(max-width: 600px) 100vw, 600px\" \/><\/figure>\n\n\n\n<figure class=\"wp-block-image size-large\"><img loading=\"lazy\" decoding=\"async\" width=\"600\" height=\"803\" data-id=\"4792\" src=\"https:\/\/indasocial.com\/INDA\/wp-content\/uploads\/2025\/05\/16.png\" alt=\"\" class=\"wp-image-4792\" srcset=\"https:\/\/indasocial.com\/INDA\/wp-content\/uploads\/2025\/05\/16.png 600w, https:\/\/indasocial.com\/INDA\/wp-content\/uploads\/2025\/05\/16-150x201.png 150w, https:\/\/indasocial.com\/INDA\/wp-content\/uploads\/2025\/05\/16-300x402.png 300w\" sizes=\"(max-width: 600px) 100vw, 600px\" \/><\/figure>\n<\/figure>\n\n\n\n<p class=\"has-black-color has-text-color has-link-color wp-elements-518d40c9df6687fd5c788a3d16a6a50b\">La sostenibilidad se mantuvo como un pilar crucial, con un llamado a la acci\u00f3n para construir un futuro m\u00e1s consciente y responsable<a href=\"https:\/\/talent-land.mx\/land\/planet-innovators\/\" target=\"_blank\" rel=\"noreferrer noopener\"> <\/a><strong><a href=\"https:\/\/talent-land.mx\/land\/planet-innovators\/\" target=\"_blank\" rel=\"noreferrer noopener\">Planet Innovators \u2014 Talent Land M\u00e9xico<\/a>.<\/strong> Este enfoque se complement\u00f3 con la exploraci\u00f3n de soluciones innovadoras presentadas por l\u00edderes de opini\u00f3n, emprendedores y especialistas en \u00e1reas tan diversas como sostenibilidad, energ\u00edas renovables, desaf\u00edos ambientales&nbsp;y tecnolog\u00edas verdes dise\u00f1adas para transformar el planeta.<\/p>\n\n\n\n<figure class=\"wp-block-gallery has-nested-images columns-default is-cropped wp-block-gallery-3 is-layout-flex wp-block-gallery-is-layout-flex\">\n<figure class=\"wp-block-image size-large\"><img loading=\"lazy\" decoding=\"async\" width=\"600\" height=\"803\" data-id=\"4786\" src=\"https:\/\/indasocial.com\/INDA\/wp-content\/uploads\/2025\/05\/10.png\" alt=\"\" class=\"wp-image-4786\" srcset=\"https:\/\/indasocial.com\/INDA\/wp-content\/uploads\/2025\/05\/10.png 600w, https:\/\/indasocial.com\/INDA\/wp-content\/uploads\/2025\/05\/10-150x201.png 150w, https:\/\/indasocial.com\/INDA\/wp-content\/uploads\/2025\/05\/10-300x402.png 300w\" sizes=\"(max-width: 600px) 100vw, 600px\" \/><\/figure>\n\n\n\n<figure class=\"wp-block-image size-full\"><img loading=\"lazy\" decoding=\"async\" width=\"600\" height=\"803\" data-id=\"4779\" src=\"https:\/\/indasocial.com\/INDA\/wp-content\/uploads\/2025\/05\/3.png\" alt=\"\" class=\"wp-image-4779\" srcset=\"https:\/\/indasocial.com\/INDA\/wp-content\/uploads\/2025\/05\/3.png 600w, https:\/\/indasocial.com\/INDA\/wp-content\/uploads\/2025\/05\/3-150x201.png 150w, https:\/\/indasocial.com\/INDA\/wp-content\/uploads\/2025\/05\/3-300x402.png 300w\" sizes=\"(max-width: 600px) 100vw, 600px\" \/><\/figure>\n<\/figure>\n\n\n\n<p class=\"has-black-color has-text-color has-link-color wp-elements-717df915492b52cdde776737711b2f25\">Finalmente, la imaginaci\u00f3n encontr\u00f3 su espacio en <strong>Creative Land<\/strong>, donde la creatividad se entrelaz\u00f3 con los avances tecnol\u00f3gicos en<a href=\"https:\/\/talent-land.mx\/land\/creative\/\"> <\/a><strong><a href=\"https:\/\/talent-land.mx\/land\/creative\/\" target=\"_blank\" rel=\"noreferrer noopener\">Creative Land \u2014 Talent Land M\u00e9xico<\/a><\/strong>. Este a\u00f1o, se destac\u00f3 la presencia de figuras como <strong><a href=\"https:\/\/www.youtube.com\/@RobertoMtzTV\" data-type=\"link\" data-id=\"https:\/\/www.youtube.com\/@RobertoMtzTV\" target=\"_blank\" rel=\"noreferrer noopener\">Roberto Mart\u00ednez (Creativo Podcast) <\/a><\/strong>en el <strong><a href=\"https:\/\/talent-land.mx\/land\/main-stage\/\" data-type=\"link\" data-id=\"https:\/\/talent-land.mx\/land\/main-stage\/\" target=\"_blank\" rel=\"noreferrer noopener\">Main Stage<\/a><\/strong>, quien profundiz\u00f3 en el uso de la Inteligencia Artificial para la creaci\u00f3n y sistematizaci\u00f3n de contenido en video, y la exploraci\u00f3n de nuevas narrativas creativas. <\/p>\n\n\n\n<figure class=\"wp-block-gallery has-nested-images columns-default is-cropped wp-block-gallery-4 is-layout-flex wp-block-gallery-is-layout-flex\">\n<figure class=\"wp-block-image size-large\"><img loading=\"lazy\" decoding=\"async\" width=\"600\" height=\"803\" data-id=\"4778\" src=\"https:\/\/indasocial.com\/INDA\/wp-content\/uploads\/2025\/05\/2.png\" alt=\"\" class=\"wp-image-4778\" srcset=\"https:\/\/indasocial.com\/INDA\/wp-content\/uploads\/2025\/05\/2.png 600w, https:\/\/indasocial.com\/INDA\/wp-content\/uploads\/2025\/05\/2-150x201.png 150w, https:\/\/indasocial.com\/INDA\/wp-content\/uploads\/2025\/05\/2-300x402.png 300w\" sizes=\"(max-width: 600px) 100vw, 600px\" \/><\/figure>\n\n\n\n<figure class=\"wp-block-image size-full\"><img loading=\"lazy\" decoding=\"async\" width=\"600\" height=\"803\" data-id=\"4788\" src=\"https:\/\/indasocial.com\/INDA\/wp-content\/uploads\/2025\/05\/12.png\" alt=\"\" class=\"wp-image-4788\" srcset=\"https:\/\/indasocial.com\/INDA\/wp-content\/uploads\/2025\/05\/12.png 600w, https:\/\/indasocial.com\/INDA\/wp-content\/uploads\/2025\/05\/12-150x201.png 150w, https:\/\/indasocial.com\/INDA\/wp-content\/uploads\/2025\/05\/12-300x402.png 300w\" sizes=\"(max-width: 600px) 100vw, 600px\" \/><\/figure>\n<\/figure>\n\n\n\n<blockquote class=\"wp-block-quote\">\n<p class=\"has-text-align-left has-black-color has-text-color has-link-color has-large-font-size wp-elements-be7e0cba2cdbcf6c8297f9561172cd8c\">\u00abLos asistentes pudieron participar en diversos talleres, incluyendo los ofrecidos por el espacio Google, que se centr\u00f3 en la capacitaci\u00f3n en <br>GEMINI 2.0, LLMs, Agentes A.I.y Desarrollo para GDE, enriqueciendo a\u00fan m\u00e1s la experiencia de aprendizaje y conexi\u00f3n en Talent Land Guadalajara\u00bb.<\/p>\n<\/blockquote>\n\n\n<div class=\"wp-block-image\">\n<figure class=\"aligncenter size-full\"><img loading=\"lazy\" decoding=\"async\" width=\"600\" height=\"803\" src=\"https:\/\/indasocial.com\/INDA\/wp-content\/uploads\/2025\/05\/7.png\" alt=\"\" class=\"wp-image-4783\" srcset=\"https:\/\/indasocial.com\/INDA\/wp-content\/uploads\/2025\/05\/7.png 600w, https:\/\/indasocial.com\/INDA\/wp-content\/uploads\/2025\/05\/7-150x201.png 150w, https:\/\/indasocial.com\/INDA\/wp-content\/uploads\/2025\/05\/7-300x402.png 300w\" sizes=\"(max-width: 600px) 100vw, 600px\" \/><\/figure><\/div>\n\n\n<p class=\"has-black-color has-text-color has-link-color wp-elements-f9a9cef7ee7145e850708c019ae1fe5c\">Si te perdiste la oportunidad de ser parte de esta incre\u00edble experiencia donde <em>la tecnolog\u00eda, la creatividad, la innovaci\u00f3n y el futuro convergen<\/em>, o si ya est\u00e1s listo para la siguiente dosis de inspiraci\u00f3n, marca tu calendario para <strong><a href=\"https:\/\/talent-land.mx\/\" target=\"_blank\" rel=\"noreferrer noopener\">Talent Land 2026<\/a><\/strong>. Prep\u00e1rate para sumergirte en un <em>universo de ideas revolucionarias, conectar con mentes brillantes y ser parte de la construcci\u00f3n de sociedades y ciudades m\u00e1s avanzadas.<\/em> <strong>\u00a1El futuro te espera en Talent Land!<\/strong><\/p>\n\n\n\n<figure class=\"wp-block-gallery has-nested-images columns-default is-cropped wp-block-gallery-5 is-layout-flex wp-block-gallery-is-layout-flex\">\n<figure class=\"wp-block-image size-full\"><img loading=\"lazy\" decoding=\"async\" width=\"600\" height=\"803\" data-id=\"4777\" src=\"https:\/\/indasocial.com\/INDA\/wp-content\/uploads\/2025\/05\/1.png\" alt=\"\" class=\"wp-image-4777\" srcset=\"https:\/\/indasocial.com\/INDA\/wp-content\/uploads\/2025\/05\/1.png 600w, https:\/\/indasocial.com\/INDA\/wp-content\/uploads\/2025\/05\/1-150x201.png 150w, https:\/\/indasocial.com\/INDA\/wp-content\/uploads\/2025\/05\/1-300x402.png 300w\" sizes=\"(max-width: 600px) 100vw, 600px\" \/><\/figure>\n\n\n\n<figure class=\"wp-block-image size-large\"><img loading=\"lazy\" decoding=\"async\" width=\"600\" height=\"803\" data-id=\"4791\" src=\"https:\/\/indasocial.com\/INDA\/wp-content\/uploads\/2025\/05\/15.png\" alt=\"\" class=\"wp-image-4791\" srcset=\"https:\/\/indasocial.com\/INDA\/wp-content\/uploads\/2025\/05\/15.png 600w, https:\/\/indasocial.com\/INDA\/wp-content\/uploads\/2025\/05\/15-150x201.png 150w, https:\/\/indasocial.com\/INDA\/wp-content\/uploads\/2025\/05\/15-300x402.png 300w\" sizes=\"(max-width: 600px) 100vw, 600px\" \/><\/figure>\n\n\n\n<figure class=\"wp-block-image size-large\"><img loading=\"lazy\" decoding=\"async\" width=\"600\" height=\"803\" data-id=\"4780\" src=\"https:\/\/indasocial.com\/INDA\/wp-content\/uploads\/2025\/05\/4.png\" alt=\"\" class=\"wp-image-4780\" srcset=\"https:\/\/indasocial.com\/INDA\/wp-content\/uploads\/2025\/05\/4.png 600w, https:\/\/indasocial.com\/INDA\/wp-content\/uploads\/2025\/05\/4-150x201.png 150w, https:\/\/indasocial.com\/INDA\/wp-content\/uploads\/2025\/05\/4-300x402.png 300w\" sizes=\"(max-width: 600px) 100vw, 600px\" \/><\/figure>\n<\/figure>\n\n\n\n<figure class=\"wp-block-gallery has-nested-images columns-default is-cropped wp-block-gallery-6 is-layout-flex wp-block-gallery-is-layout-flex\">\n<figure class=\"wp-block-image size-large\"><img loading=\"lazy\" decoding=\"async\" width=\"600\" height=\"803\" data-id=\"4785\" src=\"https:\/\/indasocial.com\/INDA\/wp-content\/uploads\/2025\/05\/9.png\" alt=\"\" class=\"wp-image-4785\" srcset=\"https:\/\/indasocial.com\/INDA\/wp-content\/uploads\/2025\/05\/9.png 600w, https:\/\/indasocial.com\/INDA\/wp-content\/uploads\/2025\/05\/9-150x201.png 150w, https:\/\/indasocial.com\/INDA\/wp-content\/uploads\/2025\/05\/9-300x402.png 300w\" sizes=\"(max-width: 600px) 100vw, 600px\" \/><\/figure>\n\n\n\n<figure class=\"wp-block-image size-large\"><img loading=\"lazy\" decoding=\"async\" width=\"600\" height=\"803\" data-id=\"4789\" src=\"https:\/\/indasocial.com\/INDA\/wp-content\/uploads\/2025\/05\/13.png\" alt=\"\" class=\"wp-image-4789\" srcset=\"https:\/\/indasocial.com\/INDA\/wp-content\/uploads\/2025\/05\/13.png 600w, https:\/\/indasocial.com\/INDA\/wp-content\/uploads\/2025\/05\/13-150x201.png 150w, https:\/\/indasocial.com\/INDA\/wp-content\/uploads\/2025\/05\/13-300x402.png 300w\" sizes=\"(max-width: 600px) 100vw, 600px\" \/><\/figure>\n<\/figure>\n","protected":false},"excerpt":{"rendered":"<p>La reciente edici\u00f3n de Talent Land Guadalajara, celebrada del 21 al 24 de abril 2025, en Centro Expositor Guadalajara, reafirm\u00f3 su posici\u00f3n como un epicentro de inclusi\u00f3n y oportunidades para la juventud y el ecosistema emprendedor. Espacios como Talent Woman continuaron siendo fundamentales para amplificar voces diversas e inspirar a futuras l\u00edderes Talent Woman \u2014 [&hellip;]<\/p>\n","protected":false},"author":1,"featured_media":4782,"comment_status":"open","ping_status":"closed","sticky":false,"template":"","format":"standard","meta":{"footnotes":""},"categories":[15,10],"tags":[859,853,900,903,402,809,902,97,899,898,904,408,851,905],"_links":{"self":[{"href":"https:\/\/indasocial.com\/INDA\/wp-json\/wp\/v2\/posts\/4770"}],"collection":[{"href":"https:\/\/indasocial.com\/INDA\/wp-json\/wp\/v2\/posts"}],"about":[{"href":"https:\/\/indasocial.com\/INDA\/wp-json\/wp\/v2\/types\/post"}],"author":[{"embeddable":true,"href":"https:\/\/indasocial.com\/INDA\/wp-json\/wp\/v2\/users\/1"}],"replies":[{"embeddable":true,"href":"https:\/\/indasocial.com\/INDA\/wp-json\/wp\/v2\/comments?post=4770"}],"version-history":[{"count":6,"href":"https:\/\/indasocial.com\/INDA\/wp-json\/wp\/v2\/posts\/4770\/revisions"}],"predecessor-version":[{"id":4865,"href":"https:\/\/indasocial.com\/INDA\/wp-json\/wp\/v2\/posts\/4770\/revisions\/4865"}],"wp:featuredmedia":[{"embeddable":true,"href":"https:\/\/indasocial.com\/INDA\/wp-json\/wp\/v2\/media\/4782"}],"wp:attachment":[{"href":"https:\/\/indasocial.com\/INDA\/wp-json\/wp\/v2\/media?parent=4770"}],"wp:term":[{"taxonomy":"category","embeddable":true,"href":"https:\/\/indasocial.com\/INDA\/wp-json\/wp\/v2\/categories?post=4770"},{"taxonomy":"post_tag","embeddable":true,"href":"https:\/\/indasocial.com\/INDA\/wp-json\/wp\/v2\/tags?post=4770"}],"curies":[{"name":"wp","href":"https:\/\/api.w.org\/{rel}","templated":true}]}}