{"id":4522,"date":"2024-09-18T03:00:17","date_gmt":"2024-09-18T03:00:17","guid":{"rendered":"https:\/\/indasocial.com\/INDA\/?p=4522"},"modified":"2024-09-18T03:08:25","modified_gmt":"2024-09-18T03:08:25","slug":"arca-tierra","status":"publish","type":"post","link":"https:\/\/indasocial.com\/INDA\/2024\/09\/18\/arca-tierra\/","title":{"rendered":"ARCA TIERRA: Regenerando la Tierra y Nuestros Cuerpos, el Poder de la Agricultura Sostenible."},"content":{"rendered":"\n<p class=\"has-black-color has-text-color has-link-color wp-elements-33e211407871882f8b69377592e9cfa1\"><strong><em>En un mundo donde la producci\u00f3n y consumo de alimentos est\u00e1n estrechamente ligados a la degradaci\u00f3n del medio ambiente y la salud humana<\/em><\/strong>, <strong><em>es hora de replantearnos nuestra relaci\u00f3n con la tierra y nuestros cuerpos. En <a href=\"https:\/\/www.arcatierra.com\/\">Arca Tierra<\/a>, creen en el poder que la agricultura sostenible es la clave para regenerar la tierra y nuestros cuerpos.<\/em><\/strong><\/p>\n\n\n\n<figure class=\"wp-block-gallery has-nested-images columns-default is-cropped wp-block-gallery-1 is-layout-flex wp-block-gallery-is-layout-flex\">\n<figure class=\"wp-block-image size-large\"><img loading=\"lazy\" decoding=\"async\" width=\"597\" height=\"798\" data-id=\"4532\" src=\"https:\/\/indasocial.com\/INDA\/wp-content\/uploads\/2024\/09\/09.png\" alt=\"\" class=\"wp-image-4532\" srcset=\"https:\/\/indasocial.com\/INDA\/wp-content\/uploads\/2024\/09\/09.png 597w, https:\/\/indasocial.com\/INDA\/wp-content\/uploads\/2024\/09\/09-150x201.png 150w, https:\/\/indasocial.com\/INDA\/wp-content\/uploads\/2024\/09\/09-300x401.png 300w\" sizes=\"(max-width: 597px) 100vw, 597px\" \/><\/figure>\n\n\n\n<figure class=\"wp-block-image size-large\"><img loading=\"lazy\" decoding=\"async\" width=\"530\" height=\"795\" data-id=\"4530\" src=\"https:\/\/indasocial.com\/INDA\/wp-content\/uploads\/2024\/09\/07.png\" alt=\"\" class=\"wp-image-4530\" srcset=\"https:\/\/indasocial.com\/INDA\/wp-content\/uploads\/2024\/09\/07.png 530w, https:\/\/indasocial.com\/INDA\/wp-content\/uploads\/2024\/09\/07-150x225.png 150w, https:\/\/indasocial.com\/INDA\/wp-content\/uploads\/2024\/09\/07-300x450.png 300w\" sizes=\"(max-width: 530px) 100vw, 530px\" \/><\/figure>\n<\/figure>\n\n\n\n<p class=\"has-black-color has-text-color has-link-color wp-elements-f736a48491723eb997bfd5f1e8bb0d79\">Su misi\u00f3n es conectar a las personas con la naturaleza y las tradiciones ancestrales a trav\u00e9s de experiencias \u00fanicas de turismo rural y gastron\u00f3mico en las chinampas de <strong><a href=\"https:\/\/www.instagram.com\/arca.tierra\">Xochimilco.<\/a><\/strong> Al mismo tiempo, est\u00e1n comprometidos con la producci\u00f3n de alimentos agro-ecol\u00f3gicos y frescos, que no solo nutren nuestros cuerpos sino que tambi\u00e9n cuidan el suelo y el medio ambiente.<\/p>\n\n\n\n<figure class=\"wp-block-gallery has-nested-images columns-default is-cropped wp-block-gallery-2 is-layout-flex wp-block-gallery-is-layout-flex\"><div class=\"wp-block-image\">\n<figure class=\"aligncenter size-large\"><img loading=\"lazy\" decoding=\"async\" width=\"1003\" height=\"667\" data-id=\"4529\" src=\"https:\/\/indasocial.com\/INDA\/wp-content\/uploads\/2024\/09\/06.png\" alt=\"\" class=\"wp-image-4529\" srcset=\"https:\/\/indasocial.com\/INDA\/wp-content\/uploads\/2024\/09\/06.png 1003w, https:\/\/indasocial.com\/INDA\/wp-content\/uploads\/2024\/09\/06-800x532.png 800w, https:\/\/indasocial.com\/INDA\/wp-content\/uploads\/2024\/09\/06-150x100.png 150w, https:\/\/indasocial.com\/INDA\/wp-content\/uploads\/2024\/09\/06-300x200.png 300w, https:\/\/indasocial.com\/INDA\/wp-content\/uploads\/2024\/09\/06-696x463.png 696w, https:\/\/indasocial.com\/INDA\/wp-content\/uploads\/2024\/09\/06-600x399.png 600w\" sizes=\"(max-width: 1003px) 100vw, 1003px\" \/><\/figure><\/div><\/figure>\n\n\n\n<p class=\"has-black-color has-text-color has-link-color wp-elements-276d54897bd4d061053e837f4832c031\">La agricultura sostenible es m\u00e1s que una forma de producir alimentos; es un movimiento que busca regenerar la tierra, las mentes y los cuerpos. Al elegir alimentos producidos de <em>manera sostenible<\/em>, estamos apoyando a las comunidades locales y promoviendo opciones de alimentaci\u00f3n m\u00e1s saludables.<\/p>\n\n\n\n<figure class=\"wp-block-gallery has-nested-images columns-default is-cropped wp-block-gallery-3 is-layout-flex wp-block-gallery-is-layout-flex\">\n<figure class=\"wp-block-image size-large\"><img loading=\"lazy\" decoding=\"async\" width=\"551\" height=\"796\" data-id=\"4528\" src=\"https:\/\/indasocial.com\/INDA\/wp-content\/uploads\/2024\/09\/05.png\" alt=\"\" class=\"wp-image-4528\" srcset=\"https:\/\/indasocial.com\/INDA\/wp-content\/uploads\/2024\/09\/05.png 551w, https:\/\/indasocial.com\/INDA\/wp-content\/uploads\/2024\/09\/05-150x217.png 150w, https:\/\/indasocial.com\/INDA\/wp-content\/uploads\/2024\/09\/05-300x433.png 300w\" sizes=\"(max-width: 551px) 100vw, 551px\" \/><\/figure>\n\n\n\n<figure class=\"wp-block-image size-large\"><img loading=\"lazy\" decoding=\"async\" width=\"597\" height=\"796\" data-id=\"4531\" src=\"https:\/\/indasocial.com\/INDA\/wp-content\/uploads\/2024\/09\/08.png\" alt=\"\" class=\"wp-image-4531\" srcset=\"https:\/\/indasocial.com\/INDA\/wp-content\/uploads\/2024\/09\/08.png 597w, https:\/\/indasocial.com\/INDA\/wp-content\/uploads\/2024\/09\/08-150x200.png 150w, https:\/\/indasocial.com\/INDA\/wp-content\/uploads\/2024\/09\/08-300x400.png 300w\" sizes=\"(max-width: 597px) 100vw, 597px\" \/><\/figure>\n<\/figure>\n\n\n\n<blockquote class=\"wp-block-quote\">\n<p class=\"has-text-align-left has-black-color has-text-color has-link-color wp-elements-e4b43367aa160d39ffd4ce549ea10632\">\u00abCada a\u00f1o organizan alrededor de <strong>100 experiencias p\u00fablicas <\/strong>y m\u00e1s de <strong>500 experiencias privadas <\/strong>Y reciben cerca de <strong>6 mil visitantes <\/strong>nacionales e internacionales\u00bb.<\/p>\n<\/blockquote>\n\n\n\n<p class=\"has-black-color has-text-color has-link-color wp-elements-036627f582cb458b5c7b47694aa83aa2\">En <strong><a href=\"https:\/\/www.arcatierra.com\/\">Arca Tierra<\/a>,<\/strong> trabajan con m\u00e1s de 40 familias campesinas para producir alimentos de temporada y frescos, que luego se distribuyen a trav\u00e9s de su plataforma digital. De esta manera, pueden garantizar que cada alimento disponible en su tienda fue producido en un suelo sano y que los agricultores reciben un trato justo por su trabajo.<\/p>\n\n\n\n<figure class=\"wp-block-gallery has-nested-images columns-default is-cropped wp-block-gallery-4 is-layout-flex wp-block-gallery-is-layout-flex\"><div class=\"wp-block-image\">\n<figure class=\"aligncenter size-large\"><img loading=\"lazy\" decoding=\"async\" width=\"999\" height=\"665\" data-id=\"4527\" src=\"https:\/\/indasocial.com\/INDA\/wp-content\/uploads\/2024\/09\/04.png\" alt=\"\" class=\"wp-image-4527\" srcset=\"https:\/\/indasocial.com\/INDA\/wp-content\/uploads\/2024\/09\/04.png 999w, https:\/\/indasocial.com\/INDA\/wp-content\/uploads\/2024\/09\/04-800x533.png 800w, https:\/\/indasocial.com\/INDA\/wp-content\/uploads\/2024\/09\/04-150x100.png 150w, https:\/\/indasocial.com\/INDA\/wp-content\/uploads\/2024\/09\/04-300x200.png 300w, https:\/\/indasocial.com\/INDA\/wp-content\/uploads\/2024\/09\/04-696x463.png 696w, https:\/\/indasocial.com\/INDA\/wp-content\/uploads\/2024\/09\/04-600x399.png 600w\" sizes=\"(max-width: 999px) 100vw, 999px\" \/><\/figure><\/div><\/figure>\n\n\n\n<p class=\"has-black-color has-text-color has-link-color wp-elements-a0f1dc534a18e1a75f158951e8c96ffd\">Adem\u00e1s, su oferta de <em><strong>catering y banqueter\u00eda<\/strong><\/em> utiliza ingredientes <em><strong>100% trazables a pr\u00e1cticas de agricultura y ganader\u00eda regenerativa y pesca sustentable<\/strong><\/em>. Esto no solo reduce la huella de carbono sino que tambi\u00e9n apoya a las personas campesinas para que puedan seguir cuidando sus entornos y mejorar sus condiciones de vida.<\/p>\n\n\n\n<p class=\"has-black-color has-text-color has-link-color wp-elements-0027ed8b1412aa02b7c6ad59f3f04f58\">La regeneraci\u00f3n personal es un proceso que comienza con la conciencia de nuestra relaci\u00f3n con la tierra y nuestros cuerpos. Al cultivar la salud interna, creamos un terreno f\u00e9rtil para sembrar la transformaci\u00f3n que reverbera hacia el bienestar del planeta.<\/p>\n\n\n\n<figure class=\"wp-block-gallery has-nested-images columns-default is-cropped wp-block-gallery-5 is-layout-flex wp-block-gallery-is-layout-flex\">\n<figure class=\"wp-block-image size-large\"><img loading=\"lazy\" decoding=\"async\" width=\"536\" height=\"794\" data-id=\"4526\" src=\"https:\/\/indasocial.com\/INDA\/wp-content\/uploads\/2024\/09\/03.png\" alt=\"\" class=\"wp-image-4526\" srcset=\"https:\/\/indasocial.com\/INDA\/wp-content\/uploads\/2024\/09\/03.png 536w, https:\/\/indasocial.com\/INDA\/wp-content\/uploads\/2024\/09\/03-150x222.png 150w, https:\/\/indasocial.com\/INDA\/wp-content\/uploads\/2024\/09\/03-300x444.png 300w\" sizes=\"(max-width: 536px) 100vw, 536px\" \/><\/figure>\n\n\n\n<figure class=\"wp-block-image size-large\"><img loading=\"lazy\" decoding=\"async\" width=\"598\" height=\"795\" data-id=\"4525\" src=\"https:\/\/indasocial.com\/INDA\/wp-content\/uploads\/2024\/09\/02.png\" alt=\"\" class=\"wp-image-4525\" srcset=\"https:\/\/indasocial.com\/INDA\/wp-content\/uploads\/2024\/09\/02.png 598w, https:\/\/indasocial.com\/INDA\/wp-content\/uploads\/2024\/09\/02-150x199.png 150w, https:\/\/indasocial.com\/INDA\/wp-content\/uploads\/2024\/09\/02-300x399.png 300w\" sizes=\"(max-width: 598px) 100vw, 598px\" \/><\/figure>\n<\/figure>\n\n\n\n<p class=\"has-black-color has-text-color has-link-color wp-elements-cb86aa8de7a42dd2de3fa458f92a61dd\">\u00danete al movimiento regenerativo de <strong><a href=\"https:\/\/www.arcatierra.com\/\">Arca Tierra<\/a><\/strong> y descubre c\u00f3mo puedes ser parte de la soluci\u00f3n para un futuro m\u00e1s sostenible y saludable.<\/p>\n\n\n\n<figure class=\"wp-block-gallery has-nested-images columns-default is-cropped wp-block-gallery-6 is-layout-flex wp-block-gallery-is-layout-flex\">\n<figure class=\"wp-block-image size-large\"><img loading=\"lazy\" decoding=\"async\" width=\"598\" height=\"797\" data-id=\"4533\" src=\"https:\/\/indasocial.com\/INDA\/wp-content\/uploads\/2024\/09\/10.png\" alt=\"\" class=\"wp-image-4533\" srcset=\"https:\/\/indasocial.com\/INDA\/wp-content\/uploads\/2024\/09\/10.png 598w, https:\/\/indasocial.com\/INDA\/wp-content\/uploads\/2024\/09\/10-150x200.png 150w, https:\/\/indasocial.com\/INDA\/wp-content\/uploads\/2024\/09\/10-300x400.png 300w\" sizes=\"(max-width: 598px) 100vw, 598px\" \/><\/figure>\n\n\n\n<figure class=\"wp-block-image size-large\"><img loading=\"lazy\" decoding=\"async\" width=\"973\" height=\"687\" data-id=\"4524\" src=\"https:\/\/indasocial.com\/INDA\/wp-content\/uploads\/2024\/09\/01.png\" alt=\"\" class=\"wp-image-4524\" srcset=\"https:\/\/indasocial.com\/INDA\/wp-content\/uploads\/2024\/09\/01.png 973w, https:\/\/indasocial.com\/INDA\/wp-content\/uploads\/2024\/09\/01-800x565.png 800w, https:\/\/indasocial.com\/INDA\/wp-content\/uploads\/2024\/09\/01-150x106.png 150w, https:\/\/indasocial.com\/INDA\/wp-content\/uploads\/2024\/09\/01-300x212.png 300w, https:\/\/indasocial.com\/INDA\/wp-content\/uploads\/2024\/09\/01-696x491.png 696w, https:\/\/indasocial.com\/INDA\/wp-content\/uploads\/2024\/09\/01-600x424.png 600w\" sizes=\"(max-width: 973px) 100vw, 973px\" \/><\/figure>\n<\/figure>\n\n\n\n<p class=\"has-black-color has-text-color has-link-color has-small-font-size wp-elements-d8d7027834b0a9def4d53784115cf77d\"><em><a href=\"https:\/\/www.instagram.com\/arca.tierra\">Cortes\u00eda Foto: Arca Tierra<\/a><\/em><\/p>\n\n\n\n<blockquote class=\"wp-block-quote has-text-align-left\">\n<p class=\"has-text-align-left has-black-color has-text-color has-link-color wp-elements-0c11b3cdc57acee646c3994f4f5f9831\">\u00abDescubre c\u00f3mo <strong>Arca Tierra <\/strong>est\u00e1 revolucionando la forma en que producimos y consumimos alimentos, promoviendo la agricultura sostenible y el bienestar personal\u00bb. <\/p>\n<\/blockquote>\n","protected":false},"excerpt":{"rendered":"<p>En un mundo donde la producci\u00f3n y consumo de alimentos est\u00e1n estrechamente ligados a la degradaci\u00f3n del medio ambiente y la salud humana, es hora de replantearnos nuestra relaci\u00f3n con la tierra y nuestros cuerpos. En Arca Tierra, creen en el poder que la agricultura sostenible es la clave para regenerar la tierra y nuestros [&hellip;]<\/p>\n","protected":false},"author":1,"featured_media":4525,"comment_status":"open","ping_status":"closed","sticky":false,"template":"","format":"standard","meta":{"footnotes":""},"categories":[15,747,10],"tags":[827,826,831,259,830,226,829,825,828],"_links":{"self":[{"href":"https:\/\/indasocial.com\/INDA\/wp-json\/wp\/v2\/posts\/4522"}],"collection":[{"href":"https:\/\/indasocial.com\/INDA\/wp-json\/wp\/v2\/posts"}],"about":[{"href":"https:\/\/indasocial.com\/INDA\/wp-json\/wp\/v2\/types\/post"}],"author":[{"embeddable":true,"href":"https:\/\/indasocial.com\/INDA\/wp-json\/wp\/v2\/users\/1"}],"replies":[{"embeddable":true,"href":"https:\/\/indasocial.com\/INDA\/wp-json\/wp\/v2\/comments?post=4522"}],"version-history":[{"count":4,"href":"https:\/\/indasocial.com\/INDA\/wp-json\/wp\/v2\/posts\/4522\/revisions"}],"predecessor-version":[{"id":4538,"href":"https:\/\/indasocial.com\/INDA\/wp-json\/wp\/v2\/posts\/4522\/revisions\/4538"}],"wp:featuredmedia":[{"embeddable":true,"href":"https:\/\/indasocial.com\/INDA\/wp-json\/wp\/v2\/media\/4525"}],"wp:attachment":[{"href":"https:\/\/indasocial.com\/INDA\/wp-json\/wp\/v2\/media?parent=4522"}],"wp:term":[{"taxonomy":"category","embeddable":true,"href":"https:\/\/indasocial.com\/INDA\/wp-json\/wp\/v2\/categories?post=4522"},{"taxonomy":"post_tag","embeddable":true,"href":"https:\/\/indasocial.com\/INDA\/wp-json\/wp\/v2\/tags?post=4522"}],"curies":[{"name":"wp","href":"https:\/\/api.w.org\/{rel}","templated":true}]}}