{"id":3576,"date":"2023-12-05T03:49:38","date_gmt":"2023-12-05T03:49:38","guid":{"rendered":"https:\/\/indasocial.com\/INDA\/?p=3576"},"modified":"2024-03-05T02:12:40","modified_gmt":"2024-03-05T02:12:40","slug":"mecanico-lp","status":"publish","type":"post","link":"https:\/\/indasocial.com\/INDA\/2023\/12\/05\/mecanico-lp\/","title":{"rendered":"Cruza el puente del indie latino: MECANICO presenta su nuevo LP \u00abDos Cordilleras\u00bb"},"content":{"rendered":"\n<p class=\"has-black-color has-text-color\"><strong><a href=\"https:\/\/www.instagram.com\/mecanicomusica\" data-type=\"link\" data-id=\"https:\/\/www.instagram.com\/mecanicomusica\">Mec\u00e1nico<\/a><\/strong>&nbsp;es un d\u00fao afincado en Chile que mezcla influencias de diferentes \u00e9pocas, incorporando estilos que van desde el indie, al psyche pop, pasando por el disco, mezclando sonidos org\u00e1nicos y electr\u00f3nicos. <\/p>\n\n\n<div class=\"wp-block-image\">\n<figure class=\"aligncenter size-full is-resized\"><img loading=\"lazy\" decoding=\"async\" src=\"https:\/\/indasocial.com\/INDA\/wp-content\/uploads\/2023\/12\/unnamed.png\" alt=\"\" class=\"wp-image-3578\" style=\"width:618px;height:618px\" width=\"618\" height=\"618\" srcset=\"https:\/\/indasocial.com\/INDA\/wp-content\/uploads\/2023\/12\/unnamed.png 740w, https:\/\/indasocial.com\/INDA\/wp-content\/uploads\/2023\/12\/unnamed-300x300.png 300w, https:\/\/indasocial.com\/INDA\/wp-content\/uploads\/2023\/12\/unnamed-100x100.png 100w, https:\/\/indasocial.com\/INDA\/wp-content\/uploads\/2023\/12\/unnamed-600x600.png 600w, https:\/\/indasocial.com\/INDA\/wp-content\/uploads\/2023\/12\/unnamed-320x320.png 320w, https:\/\/indasocial.com\/INDA\/wp-content\/uploads\/2023\/12\/unnamed-560x560.png 560w, https:\/\/indasocial.com\/INDA\/wp-content\/uploads\/2023\/12\/unnamed-90x90.png 90w\" sizes=\"(max-width: 618px) 100vw, 618px\" \/><\/figure><\/div>\n\n\n<p class=\"has-black-color has-text-color\">\u00abDos Cordilleras\u00bb se llama el nuevo \u00e1lbum de <strong><a href=\"https:\/\/www.instagram.com\/mecanicomusica\/\" data-type=\"link\" data-id=\"https:\/\/www.instagram.com\/mecanicomusica\/\">Mec\u00e1nico<\/a><\/strong> que se public\u00f3 de manera oficial el d\u00eda<strong>&nbsp;jueves 30 de noviembre<\/strong>. El disco, que&nbsp;cuenta con siete tracks con colaboraciones de artistas argentinos en cada uno de ellos, es un hito sin precedentes en la escena indie de ambos pa\u00edses. Un trabajo discogr\u00e1fico que sin duda dar\u00e1 que hablar, no solo en las dos&nbsp;naciones hermanadas por ese blanco y esplendoroso cord\u00f3n de monta\u00f1as milenarias, sino que en todo el continente.<\/p>\n\n\n\n<figure class=\"wp-block-embed is-type-video is-provider-youtube wp-block-embed-youtube wp-embed-aspect-16-9 wp-has-aspect-ratio\"><div class=\"wp-block-embed__wrapper\">\n<iframe loading=\"lazy\" title=\"Mec\u00e1nico. feat. Delfina Campos - Sol (tras una larga noche) [Lyric Video]\" width=\"696\" height=\"392\" src=\"https:\/\/www.youtube.com\/embed\/CWD0T-JWZgI?feature=oembed\" frameborder=\"0\" allow=\"accelerometer; autoplay; clipboard-write; encrypted-media; gyroscope; picture-in-picture; web-share\" allowfullscreen><\/iframe>\n<\/div><\/figure>\n\n\n\n<p class=\"has-black-color has-text-color\">Deseosos de establecer v\u00ednculos entre la escena alternativa latinoamericana e internacional, su \u00e1lbum&nbsp;<em><strong>DOS CORDILLERAS<\/strong><\/em>&nbsp;se centra en el concepto de puente trasandino entre Chile y Argentina a trav\u00e9s de 7 canciones con colaboraciones de 7 artistas como&nbsp;<strong><a href=\"https:\/\/www.instagram.com\/el.shy\/\" data-type=\"link\" data-id=\"https:\/\/www.instagram.com\/el.shy\/\">Goyo Degano<\/a><\/strong>&nbsp;de Bandalos Chinos,&nbsp;<strong><a href=\"https:\/\/www.instagram.com\/1915musica\/\" data-type=\"link\" data-id=\"https:\/\/www.instagram.com\/1915musica\/\">1915<\/a><\/strong>,&nbsp;<strong>Isla Mujeres<\/strong>,&nbsp;<strong><a href=\"https:\/\/www.instagram.com\/rayoslaser\/\" data-type=\"link\" data-id=\"https:\/\/www.instagram.com\/rayoslaser\/\">Rayos L\u00e1ser<\/a>&nbsp;<\/strong>o&nbsp;<a href=\"https:\/\/www.instagram.com\/t.e.l.e.s.c.o.p.i.o.s\/\" data-type=\"link\" data-id=\"https:\/\/www.instagram.com\/t.e.l.e.s.c.o.p.i.o.s\/\"><strong>Telescopios<\/strong>.<\/a><\/p>\n\n\n\n<p class=\"has-black-color has-text-color\">El enigm\u00e1tico t\u00edtulo que acompa\u00f1a lo nuevo de la banda chilena se acopla a una hipn\u00f3tica&nbsp;propuesta de indie pop y electr\u00f3nica estructurada&nbsp;en&nbsp;base a patrones sampleados, repetitivos y mecanizados. Este lenguaje musical traduce a sonidos un relato que reflexiona acerca de la sobreabundancia de informaci\u00f3n, especialmente a trav\u00e9s de redes sociales, que muchas veces nos consume y nos aleja de nuestros propios sue\u00f1os y aspiraciones. <\/p>\n\n\n\n<blockquote class=\"wp-block-quote\">\n<p class=\"has-black-color has-text-color\">\u00abNos sumergimos en un mundo virtual que en muchos sentidos parece distanciarnos y aislarnos m\u00e1s de lo que nos une\u00bb<\/p>\n<cite>&#8211; Nico Parra<\/cite><\/blockquote>\n\n\n<div class=\"wp-block-image\">\n<figure class=\"aligncenter size-full is-resized\"><img loading=\"lazy\" decoding=\"async\" src=\"https:\/\/indasocial.com\/INDA\/wp-content\/uploads\/2023\/12\/001mecanico.png\" alt=\"\" class=\"wp-image-3580\" style=\"width:617px;height:618px\" width=\"617\" height=\"618\" srcset=\"https:\/\/indasocial.com\/INDA\/wp-content\/uploads\/2023\/12\/001mecanico.png 499w, https:\/\/indasocial.com\/INDA\/wp-content\/uploads\/2023\/12\/001mecanico-300x300.png 300w, https:\/\/indasocial.com\/INDA\/wp-content\/uploads\/2023\/12\/001mecanico-100x100.png 100w, https:\/\/indasocial.com\/INDA\/wp-content\/uploads\/2023\/12\/001mecanico-320x320.png 320w, https:\/\/indasocial.com\/INDA\/wp-content\/uploads\/2023\/12\/001mecanico-90x90.png 90w\" sizes=\"(max-width: 617px) 100vw, 617px\" \/><\/figure><\/div>\n\n<div class=\"wp-block-image\">\n<figure class=\"aligncenter size-full is-resized\"><img loading=\"lazy\" decoding=\"async\" src=\"https:\/\/indasocial.com\/INDA\/wp-content\/uploads\/2023\/12\/unnamed-2.png\" alt=\"\" class=\"wp-image-3579\" style=\"width:623px;height:624px\" width=\"623\" height=\"624\" srcset=\"https:\/\/indasocial.com\/INDA\/wp-content\/uploads\/2023\/12\/unnamed-2.png 499w, https:\/\/indasocial.com\/INDA\/wp-content\/uploads\/2023\/12\/unnamed-2-300x300.png 300w, https:\/\/indasocial.com\/INDA\/wp-content\/uploads\/2023\/12\/unnamed-2-100x100.png 100w, https:\/\/indasocial.com\/INDA\/wp-content\/uploads\/2023\/12\/unnamed-2-320x320.png 320w, https:\/\/indasocial.com\/INDA\/wp-content\/uploads\/2023\/12\/unnamed-2-90x90.png 90w\" sizes=\"(max-width: 623px) 100vw, 623px\" \/><\/figure><\/div>\n\n\n<p class=\"has-black-color has-text-color\">Focus Track &#8216;<strong>BRILLAS EN LA PISTA<\/strong>&#8216;, en colaboraci\u00f3n con el grupo argentino&nbsp;<strong><a href=\"https:\/\/www.instagram.com\/1915musica\/\" data-type=\"link\" data-id=\"https:\/\/www.instagram.com\/1915musica\/\">1915<\/a><\/strong>, es un tema optimista cargado de capas de guitarra y sintetizador sobre una mezcla de bater\u00edas org\u00e1nicas y sampleadas. Con una estructura sencilla y directa, el tema se mueve con rapidez a medida que ambos cantantes se turnan para abordar cada secci\u00f3n con su propio estilo individual, convirti\u00e9ndolo en un material din\u00e1mico y en\u00e9rgico.<\/p>\n\n\n\n<figure class=\"wp-block-embed is-type-rich is-provider-spotify wp-block-embed-spotify wp-embed-aspect-21-9 wp-has-aspect-ratio\"><div class=\"wp-block-embed__wrapper\">\n<iframe title=\"Spotify Embed: Dos Cordilleras\" style=\"border-radius: 12px\" width=\"100%\" height=\"352\" frameborder=\"0\" allowfullscreen allow=\"autoplay; clipboard-write; encrypted-media; fullscreen; picture-in-picture\" loading=\"lazy\" src=\"https:\/\/open.spotify.com\/embed\/album\/5sqTnSZ1d0SOyoWbR1YjKA?si=pVGy4g7XTliLLIlz2p4IdQ&#038;utm_source=oembed\"><\/iframe>\n<\/div><\/figure>\n","protected":false},"excerpt":{"rendered":"<p>Mec\u00e1nico&nbsp;es un d\u00fao afincado en Chile que mezcla influencias de diferentes \u00e9pocas, incorporando estilos que van desde el indie, al psyche pop, pasando por el disco, mezclando sonidos org\u00e1nicos y electr\u00f3nicos. \u00abDos Cordilleras\u00bb se llama el nuevo \u00e1lbum de Mec\u00e1nico que se public\u00f3 de manera oficial el d\u00eda&nbsp;jueves 30 de noviembre. El disco, que&nbsp;cuenta con [&hellip;]<\/p>\n","protected":false},"author":1,"featured_media":3580,"comment_status":"open","ping_status":"closed","sticky":false,"template":"","format":"standard","meta":{"footnotes":""},"categories":[724,749],"tags":[77,246,720,718,672,509,717,675,83,476,719],"_links":{"self":[{"href":"https:\/\/indasocial.com\/INDA\/wp-json\/wp\/v2\/posts\/3576"}],"collection":[{"href":"https:\/\/indasocial.com\/INDA\/wp-json\/wp\/v2\/posts"}],"about":[{"href":"https:\/\/indasocial.com\/INDA\/wp-json\/wp\/v2\/types\/post"}],"author":[{"embeddable":true,"href":"https:\/\/indasocial.com\/INDA\/wp-json\/wp\/v2\/users\/1"}],"replies":[{"embeddable":true,"href":"https:\/\/indasocial.com\/INDA\/wp-json\/wp\/v2\/comments?post=3576"}],"version-history":[{"count":3,"href":"https:\/\/indasocial.com\/INDA\/wp-json\/wp\/v2\/posts\/3576\/revisions"}],"predecessor-version":[{"id":3583,"href":"https:\/\/indasocial.com\/INDA\/wp-json\/wp\/v2\/posts\/3576\/revisions\/3583"}],"wp:featuredmedia":[{"embeddable":true,"href":"https:\/\/indasocial.com\/INDA\/wp-json\/wp\/v2\/media\/3580"}],"wp:attachment":[{"href":"https:\/\/indasocial.com\/INDA\/wp-json\/wp\/v2\/media?parent=3576"}],"wp:term":[{"taxonomy":"category","embeddable":true,"href":"https:\/\/indasocial.com\/INDA\/wp-json\/wp\/v2\/categories?post=3576"},{"taxonomy":"post_tag","embeddable":true,"href":"https:\/\/indasocial.com\/INDA\/wp-json\/wp\/v2\/tags?post=3576"}],"curies":[{"name":"wp","href":"https:\/\/api.w.org\/{rel}","templated":true}]}}