{"id":3569,"date":"2023-12-05T05:15:33","date_gmt":"2023-12-05T05:15:33","guid":{"rendered":"https:\/\/indasocial.com\/INDA\/?p=3569"},"modified":"2024-03-10T21:33:02","modified_gmt":"2024-03-10T21:33:02","slug":"gaba-volver","status":"publish","type":"post","link":"https:\/\/indasocial.com\/INDA\/2023\/12\/05\/gaba-volver\/","title":{"rendered":"GABA: Presenta su nuevo single \u00abVolver\u00bb"},"content":{"rendered":"\n<p class=\"has-black-color has-text-color\"><strong>Gaba<\/strong> est\u00e1 de regreso con su nueva canci\u00f3n \u00abVolver\u00bb, adelanto de lo que ser\u00e1 su pr\u00f3ximo \u00e1lbum de estudio previsto para 2024, el cual se titular\u00e1 \u00abLas Nuevas Tristezas\u00bb.<\/p>\n\n\n\n<figure class=\"wp-block-embed is-type-video is-provider-youtube wp-block-embed-youtube wp-embed-aspect-4-3 wp-has-aspect-ratio\"><div class=\"wp-block-embed__wrapper\">\n<iframe loading=\"lazy\" title=\"Volver\" width=\"696\" height=\"522\" src=\"https:\/\/www.youtube.com\/embed\/dLFFQJ0OjqQ?feature=oembed\" frameborder=\"0\" allow=\"accelerometer; autoplay; clipboard-write; encrypted-media; gyroscope; picture-in-picture; web-share\" allowfullscreen><\/iframe>\n<\/div><\/figure>\n\n\n\n<p class=\"has-black-color has-text-color\">Luego de su debut con \u00abDonde Muere el Sol\u00bb, su primer disco, el cantante y compositor oriundo de Comandante Nicanor Otamendi inaugura una&nbsp; nueva etapa de su carrera con este&nbsp;estreno. Seg\u00fan cuenta Gaba, \u00abVolver\u00bb comenz\u00f3 como una balada ac\u00fastica y con el tiempo mut\u00f3 en&nbsp;un punkcito a toda velocidad, con fuertes influencias del nuevo rock&nbsp;marplatense y la cultura punk local.<\/p>\n\n\n\n<blockquote class=\"wp-block-quote\">\n<p class=\"has-black-color has-text-color\">El segundo disco de Gaba est\u00e1 en camino y, seg\u00fan adelanta el artista,&nbsp;tendr\u00e1 tintes de neo soul, electr\u00f3nica downtempo y rock setentoso con afrobeat.<\/p>\n<\/blockquote>\n\n\n<div class=\"wp-block-image\">\n<figure class=\"aligncenter size-full\"><img loading=\"lazy\" decoding=\"async\" width=\"997\" height=\"663\" src=\"https:\/\/indasocial.com\/INDA\/wp-content\/uploads\/2023\/12\/al.png\" alt=\"\" class=\"wp-image-3572\" srcset=\"https:\/\/indasocial.com\/INDA\/wp-content\/uploads\/2023\/12\/al.png 997w, https:\/\/indasocial.com\/INDA\/wp-content\/uploads\/2023\/12\/al-600x399.png 600w, https:\/\/indasocial.com\/INDA\/wp-content\/uploads\/2023\/12\/al-800x532.png 800w, https:\/\/indasocial.com\/INDA\/wp-content\/uploads\/2023\/12\/al-320x213.png 320w, https:\/\/indasocial.com\/INDA\/wp-content\/uploads\/2023\/12\/al-560x372.png 560w\" sizes=\"(max-width: 997px) 100vw, 997px\" \/><\/figure><\/div>\n\n\n<p class=\"has-black-color has-text-color\">\u201cEncierro\u201d cuenta con la participaci\u00f3n de Javo Vinagre (Circo Freak) en Slide, con un solo demoledor en el desenlace de la canci\u00f3n. Por otro lado, \u201cAxis\u201d incluye la guitarra r\u00edtmica de Nicol\u00e1s Fern\u00e1ndez para inducir al baile. Los vientos de \u201cHey Hey\u201d y \u201cAxis\u201d fueron arreglados por Juan Mond\u00f3n y ejecutados junto al trompetista Matias Rivara. El propio Fern\u00e1ndez, Jazm\u00edn Mazzuchelli y Seba Toyos aportaron coros en algunos momentos del disco.<\/p>\n\n\n\n<p class=\"has-black-color has-text-color\">El \u00e1lbum fue concebido entre 2020 y 2021 en las ciudades de Mar Del Plata y La Plata. Los tracks \u201cTodo Mal\u201d y \u201cThom\u201d adelantaron el EP, producido, mezclado y masterizado por Dante Barciulli, quien tambi\u00e9n oficia de bajista en todo el trabajo discogr\u00e1fico.<\/p>\n","protected":false},"excerpt":{"rendered":"<p>Gaba est\u00e1 de regreso con su nueva canci\u00f3n \u00abVolver\u00bb, adelanto de lo que ser\u00e1 su pr\u00f3ximo \u00e1lbum de estudio previsto para 2024, el cual se titular\u00e1 \u00abLas Nuevas Tristezas\u00bb. Luego de su debut con \u00abDonde Muere el Sol\u00bb, su primer disco, el cantante y compositor oriundo de Comandante Nicanor Otamendi inaugura una&nbsp; nueva etapa de [&hellip;]<\/p>\n","protected":false},"author":1,"featured_media":3571,"comment_status":"open","ping_status":"closed","sticky":false,"template":"","format":"standard","meta":{"footnotes":""},"categories":[749],"tags":[763,212,761,759,762,760],"_links":{"self":[{"href":"https:\/\/indasocial.com\/INDA\/wp-json\/wp\/v2\/posts\/3569"}],"collection":[{"href":"https:\/\/indasocial.com\/INDA\/wp-json\/wp\/v2\/posts"}],"about":[{"href":"https:\/\/indasocial.com\/INDA\/wp-json\/wp\/v2\/types\/post"}],"author":[{"embeddable":true,"href":"https:\/\/indasocial.com\/INDA\/wp-json\/wp\/v2\/users\/1"}],"replies":[{"embeddable":true,"href":"https:\/\/indasocial.com\/INDA\/wp-json\/wp\/v2\/comments?post=3569"}],"version-history":[{"count":4,"href":"https:\/\/indasocial.com\/INDA\/wp-json\/wp\/v2\/posts\/3569\/revisions"}],"predecessor-version":[{"id":3960,"href":"https:\/\/indasocial.com\/INDA\/wp-json\/wp\/v2\/posts\/3569\/revisions\/3960"}],"wp:featuredmedia":[{"embeddable":true,"href":"https:\/\/indasocial.com\/INDA\/wp-json\/wp\/v2\/media\/3571"}],"wp:attachment":[{"href":"https:\/\/indasocial.com\/INDA\/wp-json\/wp\/v2\/media?parent=3569"}],"wp:term":[{"taxonomy":"category","embeddable":true,"href":"https:\/\/indasocial.com\/INDA\/wp-json\/wp\/v2\/categories?post=3569"},{"taxonomy":"post_tag","embeddable":true,"href":"https:\/\/indasocial.com\/INDA\/wp-json\/wp\/v2\/tags?post=3569"}],"curies":[{"name":"wp","href":"https:\/\/api.w.org\/{rel}","templated":true}]}}