{"id":3483,"date":"2023-08-31T03:12:54","date_gmt":"2023-08-31T03:12:54","guid":{"rendered":"https:\/\/indasocial.com\/INDA\/?p=3483"},"modified":"2024-03-07T04:07:00","modified_gmt":"2024-03-07T04:07:00","slug":"ila-28","status":"publish","type":"post","link":"https:\/\/indasocial.com\/INDA\/2023\/08\/31\/ila-28\/","title":{"rendered":"ILA 28: Presenta \u00abEl mejorcito\u00bb, una puerta de entrada\u00a0a un nuevo proyecto\u00a0inspirado en la nostalgia y en los nuevos\u00a0sonidos urbanos."},"content":{"rendered":"\n<p class=\"has-black-color has-text-color\">Generando espacios sonoros, <strong><a href=\"https:\/\/open.spotify.com\/intl-es\/artist\/11626gfUTu9btvzBzs0RDd?si=7tVfGuH3S-2o-UHmDCLJyw\" target=\"_blank\" rel=\"noreferrer noopener\">ILA 28<\/a><\/strong> propone redescubrir lo sabido, preguntarle al pasado y emocionar al presente. Romper el molde de lo que \u00abhay que hacer\u00bb es la \u00fanica opci\u00f3n, la verdadera vanguardia.<\/p>\n\n\n\n<figure class=\"wp-block-gallery has-nested-images columns-default is-cropped wp-block-gallery-1 is-layout-flex wp-block-gallery-is-layout-flex\">\n<figure class=\"wp-block-image size-large\"><img loading=\"lazy\" decoding=\"async\" width=\"391\" height=\"593\" data-id=\"3490\" src=\"https:\/\/indasocial.com\/INDA\/wp-content\/uploads\/2023\/08\/Captura-de-pantalla-2023-08-30-a-las-22.06.48.png\" alt=\"\" class=\"wp-image-3490\" srcset=\"https:\/\/indasocial.com\/INDA\/wp-content\/uploads\/2023\/08\/Captura-de-pantalla-2023-08-30-a-las-22.06.48.png 391w, https:\/\/indasocial.com\/INDA\/wp-content\/uploads\/2023\/08\/Captura-de-pantalla-2023-08-30-a-las-22.06.48-320x485.png 320w\" sizes=\"(max-width: 391px) 100vw, 391px\" \/><\/figure>\n\n\n\n<figure class=\"wp-block-image size-large\"><img loading=\"lazy\" decoding=\"async\" width=\"389\" height=\"594\" data-id=\"3488\" src=\"https:\/\/indasocial.com\/INDA\/wp-content\/uploads\/2023\/08\/Captura-de-pantalla-2023-08-30-a-las-22.06.23.png\" alt=\"\" class=\"wp-image-3488\" srcset=\"https:\/\/indasocial.com\/INDA\/wp-content\/uploads\/2023\/08\/Captura-de-pantalla-2023-08-30-a-las-22.06.23.png 389w, https:\/\/indasocial.com\/INDA\/wp-content\/uploads\/2023\/08\/Captura-de-pantalla-2023-08-30-a-las-22.06.23-320x489.png 320w\" sizes=\"(max-width: 389px) 100vw, 389px\" \/><\/figure>\n<\/figure>\n\n\n\n<p class=\"has-black-color has-text-color\">ILA 28 es el nuevo proyecto del&nbsp;m\u00fasico y productor argentino, <strong>Franco B\u00e1ez<\/strong>. El compositor se encuentra trabajando en su primer disco solista, siendo <em><a href=\"https:\/\/open.spotify.com\/intl-es\/track\/0cBwpJGvHbGQwcEDUvuiDc?si=8c4fdd2c5f974a3a\" target=\"_blank\" rel=\"noreferrer noopener\">\u00abEl Mejorcito\u00bb<\/a><\/em> su primer anticipo.<\/p>\n\n\n\n<blockquote class=\"wp-block-quote\">\n<p class=\"has-black-color has-text-color\"><a href=\"https:\/\/open.spotify.com\/intl-es\/track\/0cBwpJGvHbGQwcEDUvuiDc?si=8c4fdd2c5f974a3a\" target=\"_blank\" rel=\"noreferrer noopener\"><em>El Mejorcito<\/em>&nbsp;<\/a>ya se encuentra disponible en todas las plataformas digitales.<\/p>\n<\/blockquote>\n\n\n\n<figure class=\"wp-block-gallery has-nested-images columns-default is-cropped wp-block-gallery-2 is-layout-flex wp-block-gallery-is-layout-flex\">\n<figure class=\"wp-block-image size-full\"><img loading=\"lazy\" decoding=\"async\" width=\"889\" height=\"594\" data-id=\"3487\" src=\"https:\/\/indasocial.com\/INDA\/wp-content\/uploads\/2023\/08\/Captura-de-pantalla-2023-08-30-a-las-22.06.14.png\" alt=\"\" class=\"wp-image-3487\" srcset=\"https:\/\/indasocial.com\/INDA\/wp-content\/uploads\/2023\/08\/Captura-de-pantalla-2023-08-30-a-las-22.06.14.png 889w, https:\/\/indasocial.com\/INDA\/wp-content\/uploads\/2023\/08\/Captura-de-pantalla-2023-08-30-a-las-22.06.14-600x401.png 600w, https:\/\/indasocial.com\/INDA\/wp-content\/uploads\/2023\/08\/Captura-de-pantalla-2023-08-30-a-las-22.06.14-800x535.png 800w, https:\/\/indasocial.com\/INDA\/wp-content\/uploads\/2023\/08\/Captura-de-pantalla-2023-08-30-a-las-22.06.14-320x214.png 320w, https:\/\/indasocial.com\/INDA\/wp-content\/uploads\/2023\/08\/Captura-de-pantalla-2023-08-30-a-las-22.06.14-560x374.png 560w\" sizes=\"(max-width: 889px) 100vw, 889px\" \/><\/figure>\n<\/figure>\n\n\n\n<p class=\"has-black-color has-text-color\">Influenciado por la escena nacional y el sonido internacional, sus canciones reinterpretan g\u00e9neros, explor\u00e1ndolos y creando su propio universo. Las letras relatan el amor y el desencuentro, historias de una generaci\u00f3n atravesada por la ansiedad y la nostalgia.&nbsp;<\/p>\n\n\n\n<p class=\"has-black-color has-text-color\">En un futuro que llega todo el tiempo, <strong><a href=\"https:\/\/open.spotify.com\/intl-es\/track\/0cBwpJGvHbGQwcEDUvuiDc?si=8c4fdd2c5f974a3a\" target=\"_blank\" rel=\"noreferrer noopener\">ILA 28<\/a><\/strong> es lo que pasa cuando paramos a sentir.&nbsp;<\/p>\n","protected":false},"excerpt":{"rendered":"<p>Generando espacios sonoros, ILA 28 propone redescubrir lo sabido, preguntarle al pasado y emocionar al presente. Romper el molde de lo que \u00abhay que hacer\u00bb es la \u00fanica opci\u00f3n, la verdadera vanguardia. ILA 28 es el nuevo proyecto del&nbsp;m\u00fasico y productor argentino, Franco B\u00e1ez. El compositor se encuentra trabajando en su primer disco solista, siendo [&hellip;]<\/p>\n","protected":false},"author":1,"featured_media":3491,"comment_status":"open","ping_status":"closed","sticky":false,"template":"","format":"standard","meta":{"footnotes":""},"categories":[749],"tags":[77,679,28,665,300,681,476,677,680,678],"_links":{"self":[{"href":"https:\/\/indasocial.com\/INDA\/wp-json\/wp\/v2\/posts\/3483"}],"collection":[{"href":"https:\/\/indasocial.com\/INDA\/wp-json\/wp\/v2\/posts"}],"about":[{"href":"https:\/\/indasocial.com\/INDA\/wp-json\/wp\/v2\/types\/post"}],"author":[{"embeddable":true,"href":"https:\/\/indasocial.com\/INDA\/wp-json\/wp\/v2\/users\/1"}],"replies":[{"embeddable":true,"href":"https:\/\/indasocial.com\/INDA\/wp-json\/wp\/v2\/comments?post=3483"}],"version-history":[{"count":4,"href":"https:\/\/indasocial.com\/INDA\/wp-json\/wp\/v2\/posts\/3483\/revisions"}],"predecessor-version":[{"id":3495,"href":"https:\/\/indasocial.com\/INDA\/wp-json\/wp\/v2\/posts\/3483\/revisions\/3495"}],"wp:featuredmedia":[{"embeddable":true,"href":"https:\/\/indasocial.com\/INDA\/wp-json\/wp\/v2\/media\/3491"}],"wp:attachment":[{"href":"https:\/\/indasocial.com\/INDA\/wp-json\/wp\/v2\/media?parent=3483"}],"wp:term":[{"taxonomy":"category","embeddable":true,"href":"https:\/\/indasocial.com\/INDA\/wp-json\/wp\/v2\/categories?post=3483"},{"taxonomy":"post_tag","embeddable":true,"href":"https:\/\/indasocial.com\/INDA\/wp-json\/wp\/v2\/tags?post=3483"}],"curies":[{"name":"wp","href":"https:\/\/api.w.org\/{rel}","templated":true}]}}