{"id":3042,"date":"2022-12-07T04:43:55","date_gmt":"2022-12-07T04:43:55","guid":{"rendered":"https:\/\/indasocial.com\/INDA\/?p=3042"},"modified":"2024-03-10T21:34:36","modified_gmt":"2024-03-10T21:34:36","slug":"mecanico-surfistas-del-sistema","status":"publish","type":"post","link":"https:\/\/indasocial.com\/INDA\/2022\/12\/07\/mecanico-surfistas-del-sistema\/","title":{"rendered":"MEC\u00c1NICO &#038; SURFISTAS DEL SISTEMA: Una revoluci\u00f3n a la intuici\u00f3n."},"content":{"rendered":"\n<p style=\"font-size:14px\" class=\"has-text-color has-very-dark-gray-color\"><span class=\"has-inline-color has-very-dark-gray-color\"><a href=\"https:\/\/indasocial.com\/INDA\/2020\/12\/15\/mecanico\/\" target=\"_blank\" rel=\"noreferrer noopener\">\u201cMec\u00e1nico\u201d<\/a> estrena el primer avance de su nuevo \u00e1lbum, en colaboraci\u00f3n con los argentinos \u00abSurfistas del Sistema\u00bb<\/span>. <br>El d\u00fao chileno <em>Mec\u00e1nico<\/em> ha regresado oficialmente luego de varios a\u00f1os de receso. Uno de los proyectos musicales que fueron parte de lo que algunos llamaron \u201c<em>primavera del indie chileno<\/em>\u201d alrededor de los a\u00f1os 2010, junto a destacados artistas que de esa \u00e9poca como <em><strong><a rel=\"noreferrer noopener\" href=\"https:\/\/www.javieramena.com\/\" target=\"_blank\">Javiera Mena,<\/a> <a rel=\"noreferrer noopener\" href=\"https:\/\/www.musicapopular.cl\/grupo\/denver\/\" target=\"_blank\">Denver<\/a>, <a rel=\"noreferrer noopener\" href=\"https:\/\/www.musicapopular.cl\/grupo\/astro\/\" target=\"_blank\">Astro,<\/a> <a rel=\"noreferrer noopener\" href=\"https:\/\/open.spotify.com\/artist\/0M8uC0u1YRUGCieOKmQF02?si=AzhrZVkWS8islt2Ngp3fuA\" target=\"_blank\">Alex Anwandter<\/a>, <a rel=\"noreferrer noopener\" href=\"https:\/\/open.spotify.com\/artist\/1fHGzTSloWCtrlKfbLNVhM?si=5AgqyT53QnezxFFySurdnQ\" target=\"_blank\">Gepe<\/a>, <a rel=\"noreferrer noopener\" href=\"https:\/\/www.instagram.com\/camila_moreno_\/\" target=\"_blank\">Camila Moreno<\/a>, Ni\u00f1o Cohete<\/strong><\/em>, entre muchos, hoy estrena su primer sencillo \u201c<em>Instintos<\/em>\u201d, una revoluci\u00f3n de la intuici\u00f3n con melod\u00edas impulsadas por sintetizadores, tonos psicod\u00e9licos y vibraciones melanc\u00f3licas; les dejamos el primer adelanto de lo que ser\u00e1 su nuevo \u00e1lbum este 2023.<\/p>\n\n\n\n<div class=\"wp-block-image\"><figure class=\"aligncenter size-large is-resized\"><a href=\"https:\/\/nostress.fanlink.to\/instintos\"><img loading=\"lazy\" decoding=\"async\" src=\"https:\/\/indasocial.com\/INDA\/wp-content\/uploads\/2022\/12\/mecanico-01.png\" alt=\"\" class=\"wp-image-3064\" width=\"473\" height=\"474\" srcset=\"https:\/\/indasocial.com\/INDA\/wp-content\/uploads\/2022\/12\/mecanico-01.png 674w, https:\/\/indasocial.com\/INDA\/wp-content\/uploads\/2022\/12\/mecanico-01-300x300.png 300w, https:\/\/indasocial.com\/INDA\/wp-content\/uploads\/2022\/12\/mecanico-01-100x100.png 100w, https:\/\/indasocial.com\/INDA\/wp-content\/uploads\/2022\/12\/mecanico-01-600x601.png 600w, https:\/\/indasocial.com\/INDA\/wp-content\/uploads\/2022\/12\/mecanico-01-320x320.png 320w, https:\/\/indasocial.com\/INDA\/wp-content\/uploads\/2022\/12\/mecanico-01-560x560.png 560w, https:\/\/indasocial.com\/INDA\/wp-content\/uploads\/2022\/12\/mecanico-01-90x90.png 90w\" sizes=\"(max-width: 473px) 100vw, 473px\" \/><\/a><figcaption><em>Foto por Juan Maturana<\/em><\/figcaption><\/figure><\/div>\n\n\n\n<div class=\"wp-block-image\"><figure class=\"aligncenter size-large is-resized\"><a href=\"https:\/\/nostress.fanlink.to\/instintos\"><img loading=\"lazy\" decoding=\"async\" src=\"https:\/\/indasocial.com\/INDA\/wp-content\/uploads\/2022\/12\/01.png\" alt=\"\" class=\"wp-image-3044\" width=\"472\" height=\"471\" srcset=\"https:\/\/indasocial.com\/INDA\/wp-content\/uploads\/2022\/12\/01.png 673w, https:\/\/indasocial.com\/INDA\/wp-content\/uploads\/2022\/12\/01-300x300.png 300w, https:\/\/indasocial.com\/INDA\/wp-content\/uploads\/2022\/12\/01-100x100.png 100w, https:\/\/indasocial.com\/INDA\/wp-content\/uploads\/2022\/12\/01-600x599.png 600w, https:\/\/indasocial.com\/INDA\/wp-content\/uploads\/2022\/12\/01-320x320.png 320w, https:\/\/indasocial.com\/INDA\/wp-content\/uploads\/2022\/12\/01-560x560.png 560w, https:\/\/indasocial.com\/INDA\/wp-content\/uploads\/2022\/12\/01-90x90.png 90w\" sizes=\"(max-width: 472px) 100vw, 472px\" \/><\/a><figcaption><em>Mec\u00e1nico 2022<\/em>.<\/figcaption><\/figure><\/div>\n\n\n\n<p class=\"has-text-color has-small-font-size has-very-dark-gray-color\">Este nuevo \u00e1lbum propone un innovador mundo para <em>Mec\u00e1nico<\/em>, con una propuesta musical en espa\u00f1ol que mezcla influencias de distintas eras, incorporando estilos desde el <em>Indie Pop, al Psyche Pop y Disco,<\/em> mezclando sonidos org\u00e1nicos y electr\u00f3nicos, todo hecho es su propio estudio <em><a rel=\"noreferrer noopener\" href=\"https:\/\/blackvitamina.com\/\" target=\"_blank\">BlackVitamina<\/a><\/em>, y que ser\u00e1 publicado bajo el sello discogr\u00e1fico franc\u00e9s <em>No Stress Records<\/em>, de <em><a href=\"https:\/\/niceguysweare.bandcamp.com\/\" target=\"_blank\" rel=\"noreferrer noopener\"><strong>Nice Guys<\/strong><\/a><\/em> &#8211;<a href=\"https:\/\/www.delicieuse-musique.com\/\" target=\"_blank\" rel=\"noreferrer noopener\"><em>Delicieuse Musique<\/em>. <\/a>Y esto no es todo; este primer avance de su larga duraci\u00f3n 2023 lo hicieron en colaboraci\u00f3n al destacado proyecto argentino <em><a href=\"https:\/\/open.spotify.com\/artist\/5lB9hKk7gAgG5tkb9N1LaJ?si=yj7nj4tlQwahGpM45qMPeA\" target=\"_blank\" rel=\"noreferrer noopener\">Surfistas del Sistema<\/a><\/em>, y con un est\u00e9tico videoclip de la mano del director <em>Juan Maturana<\/em>, que pueden ver a continuaci\u00f3n:<\/p>\n\n\n\n<figure class=\"wp-block-embed-youtube aligncenter wp-block-embed is-type-video is-provider-youtube wp-embed-aspect-4-3 wp-has-aspect-ratio\"><div class=\"wp-block-embed__wrapper\">\n<iframe loading=\"lazy\" title=\"Meca\u0301nico feat. Surfistas del Sistema - Instintos (Video Oficial)\" width=\"696\" height=\"522\" src=\"https:\/\/www.youtube.com\/embed\/Q2M1bb1NdoE?feature=oembed&#038;enablejsapi=1\" frameborder=\"0\" allow=\"accelerometer; autoplay; clipboard-write; encrypted-media; gyroscope; picture-in-picture; web-share\" allowfullscreen><\/iframe>\n<\/div><\/figure>\n\n\n\n<p class=\"has-text-color has-small-font-size has-very-dark-gray-color\">Con los ojos puestos en generar v\u00ednculos entre las escenas alternativas latinoamericanas e internacionales, <em>Mec\u00e1nico<\/em> promete m\u00e1s colaboraciones con quienes lanzar nuevos singles y compartir ideas. <strong><a href=\"https:\/\/indasocial.com\/INDA\/2020\/12\/15\/mecanico\/\" target=\"_blank\" rel=\"noreferrer noopener\">Nico Parra<\/a><\/strong>, frontman de Mec\u00e1nico, nos comenta: \u201cDespu\u00e9s de todos estos a\u00f1os hemos tomado la decisi\u00f3n de regresar con nuestro proyecto, en b\u00fasqueda de proponer nueva m\u00fasica y vivir nuevas experiencias que permitan expresarnos y disfrutar de lo que m\u00e1s nos gusta. Esperamos que esta nueva etapa nos permita cruzar fronteras y generar lazos con maravillosos artistas y escenas internacionales en Latinoam\u00e9rica\u201d.<\/p>\n\n\n\n<div class=\"wp-block-image\"><figure class=\"aligncenter size-large is-resized\"><a href=\"https:\/\/nostress.fanlink.to\/instintos\"><img loading=\"lazy\" decoding=\"async\" src=\"https:\/\/indasocial.com\/INDA\/wp-content\/uploads\/2022\/12\/03.png\" alt=\"\" class=\"wp-image-3046\" width=\"448\" height=\"448\" srcset=\"https:\/\/indasocial.com\/INDA\/wp-content\/uploads\/2022\/12\/03.png 679w, https:\/\/indasocial.com\/INDA\/wp-content\/uploads\/2022\/12\/03-300x300.png 300w, https:\/\/indasocial.com\/INDA\/wp-content\/uploads\/2022\/12\/03-100x100.png 100w, https:\/\/indasocial.com\/INDA\/wp-content\/uploads\/2022\/12\/03-600x600.png 600w, https:\/\/indasocial.com\/INDA\/wp-content\/uploads\/2022\/12\/03-320x320.png 320w, https:\/\/indasocial.com\/INDA\/wp-content\/uploads\/2022\/12\/03-560x560.png 560w, https:\/\/indasocial.com\/INDA\/wp-content\/uploads\/2022\/12\/03-90x90.png 90w\" sizes=\"(max-width: 448px) 100vw, 448px\" \/><\/a><figcaption><em>Mec\u00e1nico &amp; Surfistas del Sistema 2022<\/em>.<\/figcaption><\/figure><\/div>\n","protected":false},"excerpt":{"rendered":"<p>\u201cMec\u00e1nico\u201d estrena el primer avance de su nuevo \u00e1lbum, en colaboraci\u00f3n con los argentinos \u00abSurfistas del Sistema\u00bb. El d\u00fao chileno Mec\u00e1nico ha regresado oficialmente luego de varios a\u00f1os de receso. Uno de los proyectos musicales que fueron parte de lo que algunos llamaron \u201cprimavera del indie chileno\u201d alrededor de los a\u00f1os 2010, junto a destacados [&hellip;]<\/p>\n","protected":false},"author":1,"featured_media":3059,"comment_status":"open","ping_status":"closed","sticky":false,"template":"","format":"standard","meta":{"footnotes":""},"categories":[749],"tags":[506,77,505,508,246,504,501,507,254,420,503,502,383,255,48],"_links":{"self":[{"href":"https:\/\/indasocial.com\/INDA\/wp-json\/wp\/v2\/posts\/3042"}],"collection":[{"href":"https:\/\/indasocial.com\/INDA\/wp-json\/wp\/v2\/posts"}],"about":[{"href":"https:\/\/indasocial.com\/INDA\/wp-json\/wp\/v2\/types\/post"}],"author":[{"embeddable":true,"href":"https:\/\/indasocial.com\/INDA\/wp-json\/wp\/v2\/users\/1"}],"replies":[{"embeddable":true,"href":"https:\/\/indasocial.com\/INDA\/wp-json\/wp\/v2\/comments?post=3042"}],"version-history":[{"count":10,"href":"https:\/\/indasocial.com\/INDA\/wp-json\/wp\/v2\/posts\/3042\/revisions"}],"predecessor-version":[{"id":3065,"href":"https:\/\/indasocial.com\/INDA\/wp-json\/wp\/v2\/posts\/3042\/revisions\/3065"}],"wp:featuredmedia":[{"embeddable":true,"href":"https:\/\/indasocial.com\/INDA\/wp-json\/wp\/v2\/media\/3059"}],"wp:attachment":[{"href":"https:\/\/indasocial.com\/INDA\/wp-json\/wp\/v2\/media?parent=3042"}],"wp:term":[{"taxonomy":"category","embeddable":true,"href":"https:\/\/indasocial.com\/INDA\/wp-json\/wp\/v2\/categories?post=3042"},{"taxonomy":"post_tag","embeddable":true,"href":"https:\/\/indasocial.com\/INDA\/wp-json\/wp\/v2\/tags?post=3042"}],"curies":[{"name":"wp","href":"https:\/\/api.w.org\/{rel}","templated":true}]}}