{"id":2724,"date":"2022-05-15T13:00:00","date_gmt":"2022-05-15T13:00:00","guid":{"rendered":"https:\/\/indasocial.com\/INDA\/?p=2724"},"modified":"2022-05-13T02:10:08","modified_gmt":"2022-05-13T02:10:08","slug":"minju-kim","status":"publish","type":"post","link":"https:\/\/indasocial.com\/INDA\/2022\/05\/15\/minju-kim\/","title":{"rendered":"MINJU KIM: Prendas atrevidas de un mundo imaginario con siluetas maximalistas."},"content":{"rendered":"\n<p class=\"has-text-color has-very-dark-gray-color\"><a rel=\"noreferrer noopener\" href=\"https:\/\/www.instagram.com\/_minjukim_\/\" target=\"_blank\">Minju Kim<\/a> fue la primera ganadora del reality de Netflix,<em> <a href=\"https:\/\/en.wikipedia.org\/wiki\/Next_in_Fashion\" target=\"_blank\" rel=\"noreferrer noopener\">Next in Fashion <\/a><\/em>-presentado por <em><a href=\"https:\/\/www.instagram.com\/tanfrance\/\" target=\"_blank\" rel=\"noreferrer noopener\">Tan France<\/a><\/em> y <em><a href=\"https:\/\/www.instagram.com\/alexachung\/\" target=\"_blank\" rel=\"noreferrer noopener\">Alexa Chung<\/a><\/em>-, que le dio a la dise\u00f1adora surcoreana un premio de 250,000 d\u00f3lares y la oportunidad de vender su colecci\u00f3n en la plataforma de lujo <a href=\"https:\/\/www.net-a-porter.com\/en-mx\/\" target=\"_blank\" rel=\"noreferrer noopener\">Net-a-Porter<\/a>.<\/p>\n\n\n\n<p class=\"has-text-color has-very-dark-gray-color\">Minju se gan\u00f3 el coraz\u00f3n de Alexa y Tan desde el principio, con sus siluetas <em>elegantes y estructurales<\/em>, su enfoque de ensue\u00f1o de los colores y los patrones utilizados en las telas. Incluso sus compa\u00f1eros en el reality elogiaban sus dise\u00f1os, por lo que su victoria no fue una sorpresa para lxs espectadorxs.&nbsp;<\/p>\n\n\n\n<div class=\"wp-block-image\"><figure class=\"aligncenter size-large is-resized\"><img loading=\"lazy\" decoding=\"async\" src=\"https:\/\/indasocial.com\/INDA\/wp-content\/uploads\/2022\/03\/hero-minju-kim-1.jpeg\" alt=\"\" class=\"wp-image-2898\" width=\"587\" height=\"440\" srcset=\"https:\/\/indasocial.com\/INDA\/wp-content\/uploads\/2022\/03\/hero-minju-kim-1.jpeg 600w, https:\/\/indasocial.com\/INDA\/wp-content\/uploads\/2022\/03\/hero-minju-kim-1-320x240.jpeg 320w, https:\/\/indasocial.com\/INDA\/wp-content\/uploads\/2022\/03\/hero-minju-kim-1-560x420.jpeg 560w\" sizes=\"(max-width: 587px) 100vw, 587px\" \/><\/figure><\/div>\n\n\n\n<p class=\"has-text-color has-very-dark-gray-color\">La dise\u00f1adora gan\u00f3 el concurso con una colecci\u00f3n de <em>diez piezas <\/em>que se realiz\u00f3 en tan solo tres d\u00edas y fue inspirada en <em><a rel=\"noreferrer noopener\" href=\"https:\/\/es.wikipedia.org\/wiki\/Frida_Kahlo\" target=\"_blank\">Frida Kahlo<\/a><\/em>, la colecci\u00f3n celebr\u00f3 el poder de la feminidad y la ternura radical.&nbsp;Esta colecci\u00f3n es tan solo una muestra del talento y personalidad de Minju: prendas atrevidas de siluetas maximalistas, un car\u00e1cter ultra femenino y con patrones juguetones.&nbsp;<\/p>\n\n\n\n<hr class=\"wp-block-separator\"\/>\n\n\n\n<p class=\"has-text-color has-very-dark-gray-color\">Minju siempre trata de contar historias de las cosas que ama o sue\u00f1a. Esas historias crean un mundo imaginario y personajes que se expresan en sus ilustraciones, por lo que naturalmente resalta el estado de \u00e1nimo de <em>fantas\u00eda y cuento de hadas<\/em>. Sin embargo, si ves sus otras colecciones, tambi\u00e9n hay tristeza y crueldad, no solo felicidad.<\/p>\n\n\n\n<div class=\"wp-block-image\"><figure class=\"aligncenter size-large is-resized\"><img loading=\"lazy\" decoding=\"async\" src=\"https:\/\/indasocial.com\/INDA\/wp-content\/uploads\/2022\/03\/hm.jpeg\" alt=\"\" class=\"wp-image-2899\" width=\"583\" height=\"410\" srcset=\"https:\/\/indasocial.com\/INDA\/wp-content\/uploads\/2022\/03\/hm.jpeg 650w, https:\/\/indasocial.com\/INDA\/wp-content\/uploads\/2022\/03\/hm-600x422.jpeg 600w, https:\/\/indasocial.com\/INDA\/wp-content\/uploads\/2022\/03\/hm-320x225.jpeg 320w, https:\/\/indasocial.com\/INDA\/wp-content\/uploads\/2022\/03\/hm-560x394.jpeg 560w\" sizes=\"(max-width: 583px) 100vw, 583px\" \/><\/figure><\/div>\n\n\n\n<p class=\"has-text-color has-very-dark-gray-color\">Despu\u00e9s del lanzamiento del programa, la marca <a href=\"https:\/\/www.minjukim.co\/\" target=\"_blank\" rel=\"noreferrer noopener\">MINJUKIM<\/a> fue reconocida por una mayor audiencia. La cuenta de Instagram MINJUKIM pas\u00f3 <strong>de 10,000 a 560,000 seguidores <\/strong>en tan solo unas semanas.<\/p>\n\n\n\n<p class=\"has-text-color has-very-dark-gray-color\">Ella se gradu\u00f3 en dos escuelas de dise\u00f1o: el <strong>Instituto de Dise\u00f1o de Arte de Samsung<\/strong> en 2008 y la Real Academia de Bellas Artes de Amberes en 2013. Mientras estaba en la escuela, gan\u00f3 el premio<strong> H&amp;M Design Award<\/strong> en 2013 y dise\u00f1\u00f3 una colecci\u00f3n de nueve piezas inspirada en los <em>mods<\/em> de la d\u00e9cada de 1960 para la marca. Minju tambi\u00e9n fue semifinalista en el premio LVMH para j\u00f3venes dise\u00f1adores de moda en 2014. Por si fuera poco, dise\u00f1\u00f3 para el grupo <em>Red Velvet<\/em>, y hace dos a\u00f1os, incursion\u00f3 en la ropa masculina por primera vez, creando looks de escenario para <em>BTS<\/em>.<\/p>\n\n\n\n<p class=\"has-text-color has-very-dark-gray-color\">Un a\u00f1o y una pandemia despu\u00e9s, Minju lanza su nueva y divertida colecci\u00f3n FW21, inspirada en la pel\u00edcula <em>Edward Scissorhands<\/em>, el concepto de la temporada fue \u201cLa primavera que perdimos\u201d, pensando en las cosas que disfrutamos durante la primavera y que nos fueron arrebatadas con la pandemia. Minju quiso enviar mensajes esperanzadores a trav\u00e9s de su colecci\u00f3n, utilizando materiales sostenibles, con tejidos 100% degradables e impresiones digitales sin desperdicio de agua.&nbsp;<\/p>\n\n\n\n<figure class=\"wp-block-gallery columns-2 is-cropped wp-block-gallery-1 is-layout-flex wp-block-gallery-is-layout-flex\"><ul class=\"blocks-gallery-grid\"><li class=\"blocks-gallery-item\"><figure><img loading=\"lazy\" decoding=\"async\" width=\"711\" height=\"966\" src=\"https:\/\/indasocial.com\/INDA\/wp-content\/uploads\/2022\/03\/hm1.jpeg\" alt=\"\" data-id=\"2900\" data-full-url=\"https:\/\/indasocial.com\/INDA\/wp-content\/uploads\/2022\/03\/hm1.jpeg\" data-link=\"https:\/\/indasocial.com\/INDA\/hm1\/\" class=\"wp-image-2900\" srcset=\"https:\/\/indasocial.com\/INDA\/wp-content\/uploads\/2022\/03\/hm1.jpeg 711w, https:\/\/indasocial.com\/INDA\/wp-content\/uploads\/2022\/03\/hm1-600x815.jpeg 600w, https:\/\/indasocial.com\/INDA\/wp-content\/uploads\/2022\/03\/hm1-320x435.jpeg 320w, https:\/\/indasocial.com\/INDA\/wp-content\/uploads\/2022\/03\/hm1-560x761.jpeg 560w\" sizes=\"(max-width: 711px) 100vw, 711px\" \/><\/figure><\/li><li class=\"blocks-gallery-item\"><figure><img loading=\"lazy\" decoding=\"async\" width=\"732\" height=\"1024\" src=\"https:\/\/indasocial.com\/INDA\/wp-content\/uploads\/2022\/03\/hm2.jpeg\" alt=\"\" data-id=\"2901\" data-full-url=\"https:\/\/indasocial.com\/INDA\/wp-content\/uploads\/2022\/03\/hm2.jpeg\" data-link=\"https:\/\/indasocial.com\/INDA\/hm2\/\" class=\"wp-image-2901\" srcset=\"https:\/\/indasocial.com\/INDA\/wp-content\/uploads\/2022\/03\/hm2.jpeg 732w, https:\/\/indasocial.com\/INDA\/wp-content\/uploads\/2022\/03\/hm2-600x839.jpeg 600w, https:\/\/indasocial.com\/INDA\/wp-content\/uploads\/2022\/03\/hm2-320x448.jpeg 320w, https:\/\/indasocial.com\/INDA\/wp-content\/uploads\/2022\/03\/hm2-560x783.jpeg 560w\" sizes=\"(max-width: 732px) 100vw, 732px\" \/><\/figure><\/li><\/ul><\/figure>\n\n\n\n<blockquote class=\"wp-block-quote\"><p>\u201cNo dise\u00f1o para una mujer o personaje espec\u00edfico. Cada temporada quiero compartir mis historias con la gente. Quiero que cualquiera que use mis colecciones sea feliz, segurx, fuerte y se ame a s\u00ed mismx. Estas personas son mis musas.\u201d<\/p><\/blockquote>\n\n\n\n<div class=\"wp-block-image\"><figure class=\"aligncenter size-large is-resized\"><img loading=\"lazy\" decoding=\"async\" src=\"https:\/\/indasocial.com\/INDA\/wp-content\/uploads\/2022\/01\/6-1.png\" alt=\"\" class=\"wp-image-2764\" width=\"401\" height=\"566\" srcset=\"https:\/\/indasocial.com\/INDA\/wp-content\/uploads\/2022\/01\/6-1.png 373w, https:\/\/indasocial.com\/INDA\/wp-content\/uploads\/2022\/01\/6-1-320x451.png 320w\" sizes=\"(max-width: 401px) 100vw, 401px\" \/><\/figure><\/div>\n\n\n\n<p class=\"has-text-color has-very-dark-gray-color\">Sin duda vale la pena seguir la pista de Minju, ya que ha demostrado que tiene una visi\u00f3n innovadora de la moda y no nos decepcionar\u00e1 en sus pr\u00f3ximas colecciones.<\/p>\n","protected":false},"excerpt":{"rendered":"<p>Minju Kim fue la primera ganadora del reality de Netflix, Next in Fashion -presentado por Tan France y Alexa Chung-, que le dio a la dise\u00f1adora surcoreana un premio de 250,000 d\u00f3lares y la oportunidad de vender su colecci\u00f3n en la plataforma de lujo Net-a-Porter. Minju se gan\u00f3 el coraz\u00f3n de Alexa y Tan desde [&hellip;]<\/p>\n","protected":false},"author":1,"featured_media":2763,"comment_status":"open","ping_status":"closed","sticky":false,"template":"","format":"standard","meta":{"footnotes":""},"categories":[15,10],"tags":[423,426,430,425,431,130,428,432,421,427,422,429,424],"_links":{"self":[{"href":"https:\/\/indasocial.com\/INDA\/wp-json\/wp\/v2\/posts\/2724"}],"collection":[{"href":"https:\/\/indasocial.com\/INDA\/wp-json\/wp\/v2\/posts"}],"about":[{"href":"https:\/\/indasocial.com\/INDA\/wp-json\/wp\/v2\/types\/post"}],"author":[{"embeddable":true,"href":"https:\/\/indasocial.com\/INDA\/wp-json\/wp\/v2\/users\/1"}],"replies":[{"embeddable":true,"href":"https:\/\/indasocial.com\/INDA\/wp-json\/wp\/v2\/comments?post=2724"}],"version-history":[{"count":13,"href":"https:\/\/indasocial.com\/INDA\/wp-json\/wp\/v2\/posts\/2724\/revisions"}],"predecessor-version":[{"id":2968,"href":"https:\/\/indasocial.com\/INDA\/wp-json\/wp\/v2\/posts\/2724\/revisions\/2968"}],"wp:featuredmedia":[{"embeddable":true,"href":"https:\/\/indasocial.com\/INDA\/wp-json\/wp\/v2\/media\/2763"}],"wp:attachment":[{"href":"https:\/\/indasocial.com\/INDA\/wp-json\/wp\/v2\/media?parent=2724"}],"wp:term":[{"taxonomy":"category","embeddable":true,"href":"https:\/\/indasocial.com\/INDA\/wp-json\/wp\/v2\/categories?post=2724"},{"taxonomy":"post_tag","embeddable":true,"href":"https:\/\/indasocial.com\/INDA\/wp-json\/wp\/v2\/tags?post=2724"}],"curies":[{"name":"wp","href":"https:\/\/api.w.org\/{rel}","templated":true}]}}