{"id":2722,"date":"2022-05-13T12:00:00","date_gmt":"2022-05-13T12:00:00","guid":{"rendered":"https:\/\/indasocial.com\/INDA\/?p=2722"},"modified":"2024-03-10T21:37:12","modified_gmt":"2024-03-10T21:37:12","slug":"daniel-castillo","status":"publish","type":"post","link":"https:\/\/indasocial.com\/INDA\/2022\/05\/13\/daniel-castillo\/","title":{"rendered":"DANIEL CASTILLO: El amor es una fuerza m\u00edstica que brota en cada uno de los lugares del universo."},"content":{"rendered":"\n<p class=\"has-text-color has-very-dark-gray-color\">El cantautor colombiano <strong>Daniel Castillo <\/strong>presenta <strong>\u201cSeres de fuego\u201d<\/strong> una <em>celebraci\u00f3n al amor<\/em> contada desde el punto de vista de quien lo vive, desde todas sus libertades y siendo consciente que el amor es magia, una \u201cfuerza m\u00edstica\u201d que brota en cada uno de los lugares del universo. <\/p>\n\n\n\n<p class=\"has-text-color has-very-dark-gray-color\">El artista boyacense&nbsp;<a href=\"https:\/\/www.youtube.com\/c\/danicastillomusic\/featured\">#danielcastillo<\/a>&nbsp;inici\u00f3 en la m\u00fasica a sus 9 a\u00f1os, edad en la que tuvo su primera guitarra y con la que ingres\u00f3 de lleno a la m\u00fasica tradicional colombiana, tiempo despu\u00e9s estudi\u00f3 otros instrumentos como el cuatro, la bandola andina y el requinto; a\u00f1os m\u00e1s tarde conoci\u00f3 la bohemia y fue as\u00ed como el canto lleg\u00f3 a su vida, present\u00e1ndose en algunos bares de Tunja.&nbsp;<\/p>\n\n\n\n<p class=\"has-text-color has-very-dark-gray-color\">Ganador dentro del programa <a href=\"https:\/\/www.strathmore.org\/community-education\/artist-in-residence-program\/\" target=\"_blank\" rel=\"noreferrer noopener\">AIR<\/a> (Artist in Residence) junto a otros 4 proyectos emergentes, escogidos entre m\u00e1s de 170 participantes.<\/p>\n\n\n\n<p class=\"has-text-color has-very-dark-gray-color\">\u201cSeres de fuego\u201d naci\u00f3 gracias al proceso de aceleraci\u00f3n del programa <strong>AIR (Artist in Residence)<\/strong><br>apoyado por el <strong>Ministerio de Cultura, Stereotheque<\/strong> y otros aliados de la industria de la m\u00fasica, del cual Daniel Castillo fue ganador junto a otros 4 proyectos emergentes, escogidos entre m\u00e1s de <strong>170 participantes.<\/strong><\/p>\n\n\n\n<figure class=\"wp-block-embed-youtube wp-block-embed is-type-video is-provider-youtube wp-embed-aspect-16-9 wp-has-aspect-ratio\"><div class=\"wp-block-embed__wrapper\">\n<iframe loading=\"lazy\" title=\"Daniel Castillo - Seres de Fuego (Video Oficial)\" width=\"696\" height=\"392\" src=\"https:\/\/www.youtube.com\/embed\/tng4VCZ0yGQ?feature=oembed&#038;enablejsapi=1\" frameborder=\"0\" allow=\"accelerometer; autoplay; clipboard-write; encrypted-media; gyroscope; picture-in-picture; web-share\" allowfullscreen><\/iframe>\n<\/div><\/figure>\n\n\n\n<blockquote class=\"wp-block-quote has-text-align-left\"><p><br>\u201cLa propuesta musical de \u201cSeres de fuego\u201d se cerr\u00f3 con una masa coral robusta y unas guitarras el\u00e9ctricas con mucha espacialidad (shimmer, reverb) que aportaron esa \u201csuciedad\u201d en la textura que est\u00e1bamos buscando. El resultado es un tipo de sincretismo musical entre aires del folklore y mi lado m\u00e1s indie\u201d.<\/p><cite>&#8211; Daniel Castillo<\/cite><\/blockquote>\n\n\n\n<p class=\"has-text-color has-very-dark-gray-color\">La preproducci\u00f3n, producci\u00f3n y postproducci\u00f3n de \u201cSeres de fuego\u201d estuvo a cargo del ganador del Grammy Latino, <a href=\"https:\/\/www.instagram.com\/nebula.m83\/\" target=\"_blank\" rel=\"noreferrer noopener\">Mauricio Garc\u00eda<\/a>, mientras que la grabaci\u00f3n se realiz\u00f3 en su estudio \u201cNebula\u201d en la ciudad de Bogot\u00e1. El clip oficial es una propuesta experimental que usa el <em>collage<\/em> como l\u00ednea narrativa y que estuvo a cargo de Santiago Escobar \u201cJMM!!\u201d, quien se encarg\u00f3 de darle vida a las ideas que ten\u00eda Daniel Castillo.<\/p>\n\n\n\n<div class=\"wp-block-image\"><figure class=\"aligncenter size-medium is-resized\"><img loading=\"lazy\" decoding=\"async\" src=\"https:\/\/indasocial.com\/INDA\/wp-content\/uploads\/2022\/01\/IMG_2113-800x1200.jpg\" alt=\"\" class=\"wp-image-2759\" width=\"459\" height=\"688\" srcset=\"https:\/\/indasocial.com\/INDA\/wp-content\/uploads\/2022\/01\/IMG_2113-800x1200.jpg 800w, https:\/\/indasocial.com\/INDA\/wp-content\/uploads\/2022\/01\/IMG_2113-scaled-600x900.jpg 600w, https:\/\/indasocial.com\/INDA\/wp-content\/uploads\/2022\/01\/IMG_2113-1160x1740.jpg 1160w, https:\/\/indasocial.com\/INDA\/wp-content\/uploads\/2022\/01\/IMG_2113-1024x1536.jpg 1024w, https:\/\/indasocial.com\/INDA\/wp-content\/uploads\/2022\/01\/IMG_2113-1365x2048.jpg 1365w, https:\/\/indasocial.com\/INDA\/wp-content\/uploads\/2022\/01\/IMG_2113-320x480.jpg 320w, https:\/\/indasocial.com\/INDA\/wp-content\/uploads\/2022\/01\/IMG_2113-560x840.jpg 560w, https:\/\/indasocial.com\/INDA\/wp-content\/uploads\/2022\/01\/IMG_2113-1920x2880.jpg 1920w, https:\/\/indasocial.com\/INDA\/wp-content\/uploads\/2022\/01\/IMG_2113-scaled.jpg 1707w\" sizes=\"(max-width: 459px) 100vw, 459px\" \/><figcaption><em>Imagen: Daniel Castillo<\/em><\/figcaption><\/figure><\/div>\n\n\n\n<p class=\"has-text-color has-text-align-left has-very-dark-gray-color\"><strong>Sobre Daniel Castillo<\/strong><\/p>\n\n\n\n<p class=\"has-text-color has-text-align-left has-very-dark-gray-color\">Daniel es Licenciado en M\u00fasica de la Universidad Pedag\u00f3gica y Tecnol\u00f3gica de Colombia, donde se especializ\u00f3 en canto, bajo la direcci\u00f3n del maestro Luis Alejandro Vargas; sin embargo, su formaci\u00f3n musical cuenta con un gran aprendizaje a trav\u00e9s de experiencias con otros m\u00fasicos y maestros en el transcurso de su vida, entre los que se encuentran Andr\u00e9s Correa, Lucio Feuillet y Marta G\u00f3mez, que han sido <em>apoyo e inspiraci\u00f3n<\/em> constante para el camino musical de Daniel.<\/p>\n\n\n\n<p class=\"has-text-color has-text-align-left has-very-dark-gray-color\">Para el segundo semestre del 2021, Daniel busca seguir estrenando canciones con sonidos e ideas nuevas que ser\u00e1n la base de su primer \u00e1lbum de larga duraci\u00f3n el cual ver\u00e1 la luz en el 2022, y con el que el artista quiere seguir sembrando su sello a nivel musical y de composici\u00f3n, donde lo m\u00e1s importante es narrar la complejidad del ser humano, lo que siente y piensa desde el cuerpo y la mente.<\/p>\n\n\n\n<p class=\"has-text-color has-very-dark-gray-color\">Ganador dentro del programa AIR (Artist in Residence) junto a otros 4 proyectos emergentes, entre m\u00e1s de 170 participantes.<\/p>\n\n\n\n<p class=\"has-text-color has-very-dark-gray-color\">Escucha \u00abSeres de Fuego\u00bb <a rel=\"noreferrer noopener\" href=\"https:\/\/open.spotify.com\/track\/6qEyCurnsH7bd4YAccH8fP?si=242a30b8acd84846\" target=\"_blank\">aqu\u00ed<\/a><br>IG: <a rel=\"noreferrer noopener\" href=\"https:\/\/www.instagram.com\/danicastillomusic\/\" target=\"_blank\">@danicastillomusic<\/a><\/p>\n","protected":false},"excerpt":{"rendered":"<p>El cantautor colombiano Daniel Castillo presenta \u201cSeres de fuego\u201d una celebraci\u00f3n al amor contada desde el punto de vista de quien lo vive, desde todas sus libertades y siendo consciente que el amor es magia, una \u201cfuerza m\u00edstica\u201d que brota en cada uno de los lugares del universo. El artista boyacense&nbsp;#danielcastillo&nbsp;inici\u00f3 en la m\u00fasica a [&hellip;]<\/p>\n","protected":false},"author":1,"featured_media":2758,"comment_status":"open","ping_status":"closed","sticky":false,"template":"","format":"standard","meta":{"footnotes":""},"categories":[749],"tags":[411,417,214,212,413,419,254,420,414,83,387,418,110,415,416,412],"_links":{"self":[{"href":"https:\/\/indasocial.com\/INDA\/wp-json\/wp\/v2\/posts\/2722"}],"collection":[{"href":"https:\/\/indasocial.com\/INDA\/wp-json\/wp\/v2\/posts"}],"about":[{"href":"https:\/\/indasocial.com\/INDA\/wp-json\/wp\/v2\/types\/post"}],"author":[{"embeddable":true,"href":"https:\/\/indasocial.com\/INDA\/wp-json\/wp\/v2\/users\/1"}],"replies":[{"embeddable":true,"href":"https:\/\/indasocial.com\/INDA\/wp-json\/wp\/v2\/comments?post=2722"}],"version-history":[{"count":21,"href":"https:\/\/indasocial.com\/INDA\/wp-json\/wp\/v2\/posts\/2722\/revisions"}],"predecessor-version":[{"id":2967,"href":"https:\/\/indasocial.com\/INDA\/wp-json\/wp\/v2\/posts\/2722\/revisions\/2967"}],"wp:featuredmedia":[{"embeddable":true,"href":"https:\/\/indasocial.com\/INDA\/wp-json\/wp\/v2\/media\/2758"}],"wp:attachment":[{"href":"https:\/\/indasocial.com\/INDA\/wp-json\/wp\/v2\/media?parent=2722"}],"wp:term":[{"taxonomy":"category","embeddable":true,"href":"https:\/\/indasocial.com\/INDA\/wp-json\/wp\/v2\/categories?post=2722"},{"taxonomy":"post_tag","embeddable":true,"href":"https:\/\/indasocial.com\/INDA\/wp-json\/wp\/v2\/tags?post=2722"}],"curies":[{"name":"wp","href":"https:\/\/api.w.org\/{rel}","templated":true}]}}