{"id":2541,"date":"2021-04-26T21:46:10","date_gmt":"2021-04-26T21:46:10","guid":{"rendered":"https:\/\/indasocial.com\/INDA\/?p=2541"},"modified":"2021-04-27T01:50:56","modified_gmt":"2021-04-27T01:50:56","slug":"trans-fashion","status":"publish","type":"post","link":"https:\/\/indasocial.com\/INDA\/2021\/04\/26\/trans-fashion\/","title":{"rendered":"TRANS FASHION: Transcendiendo la moda hacia la apertura y diversidad."},"content":{"rendered":"\n<p class=\"has-text-color has-very-dark-gray-color\">El mundo de la moda se transforma r\u00e1pidamente, las colecciones cambian cada temporada y las pasarelas exigen nuevas caras para mostrar al p\u00fablico. En los \u00faltimos a\u00f1os lxs modelos andr\u00f3ginos han sido una constante en los castings y esto ha permitido una apertura en cuanto a la forma de ver nuestrxs cuerpxs, la norma ya no es binaria, ahora existe una apertura a la diversidad y esto se nota en las portadas de revistas y en las pasarelas.<\/p>\n\n\n\n<div class=\"wp-block-image\"><figure class=\"aligncenter size-large is-resized\"><img loading=\"lazy\" decoding=\"async\" src=\"https:\/\/indasocial.com\/INDA\/wp-content\/uploads\/2021\/04\/1.jpg\" alt=\"\" class=\"wp-image-2543\" width=\"484\" height=\"651\" srcset=\"https:\/\/indasocial.com\/INDA\/wp-content\/uploads\/2021\/04\/1.jpg 500w, https:\/\/indasocial.com\/INDA\/wp-content\/uploads\/2021\/04\/1-320x430.jpg 320w\" sizes=\"(max-width: 484px) 100vw, 484px\" \/><figcaption><em><a href=\"https:\/\/vistelacalle.com\/152705\/quienes-son-los-modelos-transgenero-mas-populares\/hari-nef\/\" target=\"_blank\" rel=\"noreferrer noopener\">Hari Nef&nbsp;<\/a><\/em><\/figcaption><\/figure><\/div>\n\n\n\n<p class=\"has-text-color has-very-dark-gray-color\">En el sitio<a href=\"https:\/\/www.thefashionspot.com\/\" target=\"_blank\" rel=\"noreferrer noopener\">&nbsp;<em>The Fashion Spot<\/em><\/a>&nbsp;se public\u00f3 un estudio en el que se asegura que treinta y dos modelos femeninas transg\u00e9nero fueron seleccionadas para la temporada <em>Autumn-Winter (2019-2020)<\/em> en las principales ciudades de la moda. Al principio no fue f\u00e1cil para las&nbsp;<em>mujeres trans<\/em>&nbsp;abrirse paso en el mundo de la moda. Una de las primeras fue&nbsp;<em><a href=\"https:\/\/es.wikipedia.org\/wiki\/April_Ashley\" target=\"_blank\" rel=\"noreferrer noopener\">April Ashley<\/a><\/em>, qui\u00e9n fue una de las primeras personas&nbsp;<em>trans<\/em>&nbsp;en realizarse una cirug\u00eda de reasignaci\u00f3n de sexo en el Reino Unido. Despu\u00e9s de su cirug\u00eda incurs\u00f3 en el mundo de la moda y apareci\u00f3 en&nbsp;<strong><em>British Vogue<\/em>&nbsp;<\/strong>fotografiada por&nbsp;<em>David Bailey.<\/em>&nbsp;Poco tiempo despu\u00e9s, una amiga cont\u00f3 toda su historia a los medios y fue as\u00ed que su carrera se vino abajo.&nbsp;<\/p>\n\n\n\n<div class=\"wp-block-image\"><figure class=\"aligncenter size-large is-resized\"><img loading=\"lazy\" decoding=\"async\" src=\"https:\/\/indasocial.com\/INDA\/wp-content\/uploads\/2021\/04\/5-1160x773.jpg\" alt=\"\" class=\"wp-image-2547\" width=\"616\" height=\"410\" srcset=\"https:\/\/indasocial.com\/INDA\/wp-content\/uploads\/2021\/04\/5-1160x773.jpg 1160w, https:\/\/indasocial.com\/INDA\/wp-content\/uploads\/2021\/04\/5-600x400.jpg 600w, https:\/\/indasocial.com\/INDA\/wp-content\/uploads\/2021\/04\/5-800x533.jpg 800w, https:\/\/indasocial.com\/INDA\/wp-content\/uploads\/2021\/04\/5-320x213.jpg 320w, https:\/\/indasocial.com\/INDA\/wp-content\/uploads\/2021\/04\/5-560x373.jpg 560w, https:\/\/indasocial.com\/INDA\/wp-content\/uploads\/2021\/04\/5.jpg 1500w\" sizes=\"(max-width: 616px) 100vw, 616px\" \/><figcaption><em><a href=\"https:\/\/www.thetimes.co.uk\/article\/april-ashley-transgender-pioneer-qmfn63ltcsd\" target=\"_blank\" rel=\"noreferrer noopener\">April Ashley&nbsp;<\/a><\/em><\/figcaption><\/figure><\/div>\n\n\n\n<p class=\"has-text-color has-very-dark-gray-color\">Despu\u00e9s vino&nbsp;<em><a rel=\"noreferrer noopener\" href=\"https:\/\/en.wikipedia.org\/wiki\/Tracey_Norman\" target=\"_blank\">Tracey Norman<\/a><\/em>, una afroamericana con una carrera prometedora en los a\u00f1os 60, que igualmente se vino abajo despu\u00e9s de haberse descubierto su secreto. La misma historia sucedi\u00f3 con&nbsp;<em><a rel=\"noreferrer noopener\" href=\"https:\/\/es.wikipedia.org\/wiki\/Caroline_Cossey\" target=\"_blank\">Caroline Cossey<\/a><\/em>, quien tuvo varias portadas en los 70 y fue una&nbsp;<em><strong>Bond Girl.<\/strong><\/em><\/p>\n\n\n\n<div class=\"wp-block-image\"><figure class=\"aligncenter size-large is-resized\"><img loading=\"lazy\" decoding=\"async\" src=\"https:\/\/indasocial.com\/INDA\/wp-content\/uploads\/2021\/04\/tracy.png\" alt=\"\" class=\"wp-image-2554\" width=\"483\" height=\"624\" srcset=\"https:\/\/indasocial.com\/INDA\/wp-content\/uploads\/2021\/04\/tracy.png 500w, https:\/\/indasocial.com\/INDA\/wp-content\/uploads\/2021\/04\/tracy-320x413.png 320w\" sizes=\"(max-width: 483px) 100vw, 483px\" \/><figcaption><em><a href=\"https:\/\/www.crfashionbook.com\/fashion\/g32784604\/transgender-models-tracey-africa-connie-fleming\/?slide=2\" target=\"_blank\" rel=\"noreferrer noopener\">Tracey Norman<\/a><\/em><\/figcaption><\/figure><\/div>\n\n\n\n<p class=\"has-text-color has-very-dark-gray-color\">Afortunadamente con el paso del tiempo los medios han ido mostrado m\u00e1s apertura a la diversidad de g\u00e9nero y le han dado oportunidad a modelos pertenecientes a la <em>comunidad LGBTTI+<\/em>.&nbsp;Una de ellas es&nbsp;<em><a href=\"https:\/\/es.wikipedia.org\/wiki\/Andreja_Peji%C4%87\" target=\"_blank\" rel=\"noreferrer noopener\">Andreja Pejic<\/a><\/em>, la modelo transg\u00e9nero m\u00e1s reconocida, quien hizo su transici\u00f3n a mitad de su carrera, lo que le permiti\u00f3 modelar en pasarelas tanto de hombres como de mujeres, en colecciones de<strong>&nbsp;<em>Jean-Paul<\/em>&nbsp;Gaultier <\/strong>y&nbsp;<em><strong>Marc Jacobs.<\/strong><\/em><\/p>\n\n\n\n<div class=\"wp-block-image\"><figure class=\"aligncenter size-large is-resized\"><img loading=\"lazy\" decoding=\"async\" src=\"https:\/\/indasocial.com\/INDA\/wp-content\/uploads\/2021\/04\/andreja-pejic-.jpeg\" alt=\"\" class=\"wp-image-2552\" width=\"486\" height=\"601\" srcset=\"https:\/\/indasocial.com\/INDA\/wp-content\/uploads\/2021\/04\/andreja-pejic-.jpeg 500w, https:\/\/indasocial.com\/INDA\/wp-content\/uploads\/2021\/04\/andreja-pejic--320x396.jpeg 320w\" sizes=\"(max-width: 486px) 100vw, 486px\" \/><figcaption><em><a href=\"https:\/\/www.standard.co.uk\/lifestyle\/esmagazine\/andreja-pejic-on-becoming-the-most-famous-transgender-model-in-the-world-a3288581.html\" target=\"_blank\" rel=\"noreferrer noopener\">Andreja Peji\u0107&nbsp;<\/a><\/em><\/figcaption><\/figure><\/div>\n\n\n\n<p class=\"has-text-color has-very-dark-gray-color\">La presencia de&nbsp;<em><a href=\"https:\/\/en.wikipedia.org\/wiki\/Valentina_Sampaio\" target=\"_blank\" rel=\"noreferrer noopener\">Valentina Sampaio<\/a>&nbsp;<\/em>en la portada&nbsp;<strong><em>Vogue Par\u00eds<\/em>&nbsp;<\/strong>es notable, ya que abri\u00f3 el paso a que m\u00e1s agentes pudieran voltear hacia la comunidad&nbsp;<em>trans<\/em>. Otro paso importante en su carrera es haber sido la primera modelo&nbsp;<em>trans<\/em>&nbsp;en participar en un cat\u00e1logo de&nbsp;<em><strong>Victoria\u2019s Secret Pink<\/strong><\/em>. Pero sin duda el gran momento que ha marcado su carrera fue el haber sido imagen de la campa\u00f1a del d\u00eda de la mujer en <em>Brasil<\/em>, su pa\u00eds de origen, en donde desgraciadamente los \u00edndices de asesinatos&nbsp;<em>transf\u00f3bicos<\/em>&nbsp;son alt\u00edsimos.&nbsp;<\/p>\n\n\n\n<div class=\"wp-block-image\"><figure class=\"aligncenter size-large is-resized\"><img loading=\"lazy\" decoding=\"async\" src=\"https:\/\/indasocial.com\/INDA\/wp-content\/uploads\/2021\/04\/2.jpg\" alt=\"\" class=\"wp-image-2544\" width=\"474\" height=\"631\" srcset=\"https:\/\/indasocial.com\/INDA\/wp-content\/uploads\/2021\/04\/2.jpg 768w, https:\/\/indasocial.com\/INDA\/wp-content\/uploads\/2021\/04\/2-600x800.jpg 600w, https:\/\/indasocial.com\/INDA\/wp-content\/uploads\/2021\/04\/2-320x427.jpg 320w, https:\/\/indasocial.com\/INDA\/wp-content\/uploads\/2021\/04\/2-560x747.jpg 560w\" sizes=\"(max-width: 474px) 100vw, 474px\" \/><figcaption><em><a href=\"http:\/\/1.\thttps:\/\/www.infobae.com\/america\/entretenimiento\/2019\/06\/02\/modelos-transgenero-bellezas-que-acaban-con-prejuicios-en-revistas-y-pasarelas\/\" target=\"_blank\" rel=\"noreferrer noopener\">Valentina Sampaio&nbsp;<\/a><\/em><\/figcaption><\/figure><\/div>\n\n\n\n<div class=\"wp-block-image\"><figure class=\"aligncenter size-large is-resized\"><img loading=\"lazy\" decoding=\"async\" src=\"https:\/\/indasocial.com\/INDA\/wp-content\/uploads\/2021\/04\/Casil-McArthur.png\" alt=\"\" class=\"wp-image-2550\" width=\"617\" height=\"360\" srcset=\"https:\/\/indasocial.com\/INDA\/wp-content\/uploads\/2021\/04\/Casil-McArthur.png 931w, https:\/\/indasocial.com\/INDA\/wp-content\/uploads\/2021\/04\/Casil-McArthur-600x350.png 600w, https:\/\/indasocial.com\/INDA\/wp-content\/uploads\/2021\/04\/Casil-McArthur-800x467.png 800w, https:\/\/indasocial.com\/INDA\/wp-content\/uploads\/2021\/04\/Casil-McArthur-320x187.png 320w, https:\/\/indasocial.com\/INDA\/wp-content\/uploads\/2021\/04\/Casil-McArthur-560x327.png 560w\" sizes=\"(max-width: 617px) 100vw, 617px\" \/><figcaption><em><a href=\"https:\/\/photogenicsmedia.com\/model\/casil-mcarthur\/#portfolio\" target=\"_blank\" rel=\"noreferrer noopener\">Casil McArthur<\/a><\/em><\/figcaption><\/figure><\/div>\n\n\n\n<p class=\"has-text-color has-very-dark-gray-color\"><em><a href=\"https:\/\/es.wikipedia.org\/wiki\/Hari_Nef\" target=\"_blank\" rel=\"noreferrer noopener\">Hari Nef<\/a><\/em>&nbsp;siempre ha sido abierta respecto a su g\u00e9nero y fue la primera modelo&nbsp;<em>trans<\/em>&nbsp;en ser contratada por la importante agencia&nbsp;<em>IMG<\/em>. Adem\u00e1s de aparecer en pasarelas de marcas como&nbsp;<em><strong>Hood By Air, VFiles <\/strong>y <strong>Adam Semlman<\/strong><\/em>, ha escrito en revistas como&nbsp;<em><strong>Vice, Dazed &amp; Confused <\/strong>y<strong> Adult.<\/strong><\/em><\/p>\n\n\n\n<p class=\"has-text-color has-very-dark-gray-color\">No podemos dejar de lado a los hombres, uno de ellos es&nbsp;<em><a rel=\"noreferrer noopener\" href=\"https:\/\/www.youtube.com\/c\/AydianDowling\" target=\"_blank\">Aydian Dowling<\/a>,<\/em>&nbsp;qui\u00e9n fue la portada de&nbsp;<em><strong>Men\u2019s Health<\/strong>&nbsp;<\/em>y ha documentado su transici\u00f3n desde los primeros shots de testosterona hasta su cirug\u00eda de reasignaci\u00f3n de sexo. Ha sido muy abierto respecto a su vida matrimonial, ya que en su documental&nbsp;<em>Our Journey to Pregnancy,&nbsp;<\/em>muestra c\u00f3mo es ser padre en una relaci\u00f3n transg\u00e9nero.&nbsp;<\/p>\n\n\n\n<div class=\"wp-block-image\"><figure class=\"aligncenter size-large is-resized\"><img loading=\"lazy\" decoding=\"async\" src=\"https:\/\/indasocial.com\/INDA\/wp-content\/uploads\/2021\/04\/Aydian-Dowling-Strength-1160x781.jpeg\" alt=\"\" class=\"wp-image-2553\" width=\"601\" height=\"404\" srcset=\"https:\/\/indasocial.com\/INDA\/wp-content\/uploads\/2021\/04\/Aydian-Dowling-Strength-1160x781.jpeg 1160w, https:\/\/indasocial.com\/INDA\/wp-content\/uploads\/2021\/04\/Aydian-Dowling-Strength-600x404.jpeg 600w, https:\/\/indasocial.com\/INDA\/wp-content\/uploads\/2021\/04\/Aydian-Dowling-Strength-800x538.jpeg 800w, https:\/\/indasocial.com\/INDA\/wp-content\/uploads\/2021\/04\/Aydian-Dowling-Strength-320x215.jpeg 320w, https:\/\/indasocial.com\/INDA\/wp-content\/uploads\/2021\/04\/Aydian-Dowling-Strength-560x377.jpeg 560w, https:\/\/indasocial.com\/INDA\/wp-content\/uploads\/2021\/04\/Aydian-Dowling-Strength.jpeg 1291w\" sizes=\"(max-width: 601px) 100vw, 601px\" \/><figcaption><em><a href=\"https:\/\/www.instagram.com\/alionsfear\/\" target=\"_blank\" rel=\"noreferrer noopener\">Aydian Dowling<\/a><\/em><\/figcaption><\/figure><\/div>\n\n\n\n<p class=\"has-text-color has-very-dark-gray-color\">A pesar de esta apertura en la moda, a\u00fan queda mucho por hacer respecto a la aceptaci\u00f3n de las diferencias de&nbsp;<em>preferencias sexuales<\/em>, ya que los&nbsp;<em>cr\u00edmenes de odio<\/em>&nbsp;siguen siendo una realidad y queda mucho trabajo que hacer para poder combatirlos, sin embargo creo que los medios son una pieza clave para la apertura y la aceptaci\u00f3n de la diversidad que nos rodea.<\/p>\n\n\n\n<p class=\"has-text-color has-background has-very-dark-gray-color has-very-light-gray-background-color\"><img loading=\"lazy\" decoding=\"async\" width=\"502\" height=\"334\" class=\"wp-image-2209\" src=\"https:\/\/indasocial.com\/INDA\/wp-content\/uploads\/2021\/01\/Mariana.png\" alt=\"\" style=\"width: 200px;\" srcset=\"https:\/\/indasocial.com\/INDA\/wp-content\/uploads\/2021\/01\/Mariana.png 502w, https:\/\/indasocial.com\/INDA\/wp-content\/uploads\/2021\/01\/Mariana-320x213.png 320w\" sizes=\"(max-width: 502px) 100vw, 502px\" \/>  <a rel=\"noreferrer noopener\" href=\"https:\/\/twitter.com\/marianmarian\" target=\"_blank\">Mariana Ruiz:<\/a>&nbsp;Traductora Freelance. Investigadora de tiempo completo, adicta a bajar&nbsp;<a rel=\"noreferrer noopener\" href=\"https:\/\/www.instagram.com\/pdf.fanclub\/\" target=\"_blank\">PDF\u00b4s<\/a>. Program\u00e9 el&nbsp;<a rel=\"noreferrer noopener\" href=\"https:\/\/twitter.com\/bot_floral\" target=\"_blank\">@bot_floral<\/a>. Me gusta comer fruta mientras leo.<\/p>\n","protected":false},"excerpt":{"rendered":"<p>El mundo de la moda se transforma r\u00e1pidamente, las colecciones cambian cada temporada y las pasarelas exigen nuevas caras para mostrar al p\u00fablico. En los \u00faltimos a\u00f1os lxs modelos andr\u00f3ginos han sido una constante en los castings y esto ha permitido una apertura en cuanto a la forma de ver nuestrxs cuerpxs, la norma ya [&hellip;]<\/p>\n","protected":false},"author":1,"featured_media":2551,"comment_status":"open","ping_status":"closed","sticky":false,"template":"","format":"standard","meta":{"footnotes":""},"categories":[15,10],"tags":[233,235,130,236,84,160,239,234,232,238,237,190],"_links":{"self":[{"href":"https:\/\/indasocial.com\/INDA\/wp-json\/wp\/v2\/posts\/2541"}],"collection":[{"href":"https:\/\/indasocial.com\/INDA\/wp-json\/wp\/v2\/posts"}],"about":[{"href":"https:\/\/indasocial.com\/INDA\/wp-json\/wp\/v2\/types\/post"}],"author":[{"embeddable":true,"href":"https:\/\/indasocial.com\/INDA\/wp-json\/wp\/v2\/users\/1"}],"replies":[{"embeddable":true,"href":"https:\/\/indasocial.com\/INDA\/wp-json\/wp\/v2\/comments?post=2541"}],"version-history":[{"count":8,"href":"https:\/\/indasocial.com\/INDA\/wp-json\/wp\/v2\/posts\/2541\/revisions"}],"predecessor-version":[{"id":2563,"href":"https:\/\/indasocial.com\/INDA\/wp-json\/wp\/v2\/posts\/2541\/revisions\/2563"}],"wp:featuredmedia":[{"embeddable":true,"href":"https:\/\/indasocial.com\/INDA\/wp-json\/wp\/v2\/media\/2551"}],"wp:attachment":[{"href":"https:\/\/indasocial.com\/INDA\/wp-json\/wp\/v2\/media?parent=2541"}],"wp:term":[{"taxonomy":"category","embeddable":true,"href":"https:\/\/indasocial.com\/INDA\/wp-json\/wp\/v2\/categories?post=2541"},{"taxonomy":"post_tag","embeddable":true,"href":"https:\/\/indasocial.com\/INDA\/wp-json\/wp\/v2\/tags?post=2541"}],"curies":[{"name":"wp","href":"https:\/\/api.w.org\/{rel}","templated":true}]}}