{"id":2448,"date":"2021-03-15T23:59:10","date_gmt":"2021-03-15T23:59:10","guid":{"rendered":"https:\/\/indasocial.com\/INDA\/?p=2448"},"modified":"2021-03-16T01:34:40","modified_gmt":"2021-03-16T01:34:40","slug":"fashion-postcovid-dos","status":"publish","type":"post","link":"https:\/\/indasocial.com\/INDA\/2021\/03\/15\/fashion-postcovid-dos\/","title":{"rendered":"FASHION POST-COVID: El lujo de la moda en nuestros tiempos. Parte Dos."},"content":{"rendered":"\n<figure class=\"wp-block-embed-youtube wp-block-embed is-type-video is-provider-youtube wp-embed-aspect-16-9 wp-has-aspect-ratio\"><div class=\"wp-block-embed__wrapper\">\n<iframe loading=\"lazy\" title=\"The \u2018Le Ch\u00e2teau des Dames\u2019 2020\/21 M\u00e9tiers d\u2019art Show \u2014  CHANEL Shows\" width=\"696\" height=\"392\" src=\"https:\/\/www.youtube.com\/embed\/LbdTuz6cLzo?feature=oembed&#038;enablejsapi=1\" frameborder=\"0\" allow=\"accelerometer; autoplay; clipboard-write; encrypted-media; gyroscope; picture-in-picture; web-share\" allowfullscreen><\/iframe>\n<\/div><\/figure>\n\n\n\n<p class=\"has-text-color has-very-dark-gray-color\">Las repercusiones que ha tenido la pandemia a nivel global ha afectado en distintos niveles, en la <a href=\"https:\/\/indasocial.com\/INDA\/2021\/03\/02\/fashion-covid\/\" target=\"_blank\" rel=\"noreferrer noopener\"><strong><em>entrega anterior<\/em><\/strong><\/a>, hablamos acerca del gran golpe que dio a las l\u00edneas de producci\u00f3n del mercado de la moda y el impacto que tuvo en sus trabajadores. En esta entrega pondr\u00e9 ejemplos de c\u00f3mo afect\u00f3 en la parte m\u00e1s glamourosa del mercado: <em>Las pasarelas.&nbsp;<\/em><\/p>\n\n\n\n<p class=\"has-text-color has-very-dark-gray-color\"><strong>La semana de la moda comenz\u00f3 en NY<\/strong>, en donde las medidas de prevenci\u00f3n fueron pocas: Control de temperatura, mascarillas y un aforo reducido, por lo que se decidi\u00f3 acortar el tiempo de duraci\u00f3n de la semana de la moda de <strong>siete u ocho d\u00edas a tan solo tres<\/strong>. Dise\u00f1adores como <em><a href=\"https:\/\/www.marcjacobs.com\/\" target=\"_blank\" rel=\"noreferrer noopener\">Marc Jacobs<\/a> o <a href=\"https:\/\/www.michaelkors.global\/en_AU\/\" target=\"_blank\" rel=\"noreferrer noopener\">Michael Kors<\/a> <\/em>optaron por no participar. Mientras que del otro lado del mundo, en la semana de la moda de <strong>Mil\u00e1n<\/strong>, <em><a href=\"https:\/\/www.jeremyscott.com\/\" target=\"_blank\" rel=\"noreferrer noopener\">Jeremy Scott<\/a><\/em>, director creativo de <strong>Moschino<\/strong>, propuso un desfile en donde las modelos eran marionetas creadas con ayuda de <em>\u201cHenson\u2019s Creature Shop\u201d<\/em>, empresa fundada por <em><a href=\"https:\/\/es.wikipedia.org\/wiki\/Jim_Henson\" target=\"_blank\" rel=\"noreferrer noopener\">Jim Henson<\/a><\/em>, el creador de<em> Los Muppets<\/em>. Mientras que la casa <em><a href=\"https:\/\/www.versace.com\" target=\"_blank\" rel=\"noreferrer noopener\">Versace<\/a><\/em> propuso hacer un desfile en donde la audiencia eran sus propios trabajadores, una nueva forma de darle cr\u00e9dito a sus colaboradores.&nbsp;<\/p>\n\n\n\n<figure class=\"wp-block-embed-youtube wp-block-embed is-type-video is-provider-youtube wp-embed-aspect-16-9 wp-has-aspect-ratio\"><div class=\"wp-block-embed__wrapper\">\n<iframe loading=\"lazy\" title=\"Moschino Spring Summer 2021 collection\" width=\"696\" height=\"392\" src=\"https:\/\/www.youtube.com\/embed\/EQQE9PrcIDo?feature=oembed&#038;enablejsapi=1\" frameborder=\"0\" allow=\"accelerometer; autoplay; clipboard-write; encrypted-media; gyroscope; picture-in-picture; web-share\" allowfullscreen><\/iframe>\n<\/div><\/figure>\n\n\n\n<p class=\"has-text-color has-very-dark-gray-color\">En <strong>Par\u00eds<\/strong>,<em> <a rel=\"noreferrer noopener\" href=\"https:\/\/www.balmain.com\/us\" target=\"_blank\">Balmain<\/a><\/em> opt\u00f3 por tener un p\u00fablico virtual, en donde se colocaron estrat\u00e9gicamente pantallas con grabaciones de \u00edconos de la moda como <em><a rel=\"noreferrer noopener\" href=\"https:\/\/es.wikipedia.org\/wiki\/Anna_Wintour\" target=\"_blank\">Anna Wintour<\/a>.<\/em> El desfile de <em>Chanel<\/em>, uno de los m\u00e1s esperados y concurridos, tuvo como \u00fanica invitada a <em>Kristen Stewart<\/em>, embajadora de la marca. Mientras que <em><a rel=\"noreferrer noopener\" href=\"https:\/\/www.dior.com\/\" target=\"_blank\">Dior<\/a><\/em> propuso que su colecci\u00f3n de alta costura se exhibiera en miniatura, complement\u00e1ndolo con un <em>fashion film <\/em>que parece sacado de un cuento de hadas. Por su parte <em><a rel=\"noreferrer noopener\" href=\"https:\/\/en.wikipedia.org\/wiki\/Demna_Gvasalia\" target=\"_blank\">Demna Gvasalia<\/a><\/em>, director creativo de <em>Balenciaga<\/em>, opt\u00f3 por hacer un video musical en donde lxs modelxs caminan por<em><strong> <\/strong>Par\u00eds<\/em> de noche usando lentes oscuros, aleg\u00f3ricamente representando lo absurdo de la moda, que va de noche sin saber a d\u00f3nde ir.&nbsp;<\/p>\n\n\n\n<figure class=\"wp-block-embed-youtube wp-block-embed is-type-video is-provider-youtube wp-embed-aspect-16-9 wp-has-aspect-ratio\"><div class=\"wp-block-embed__wrapper\">\n<iframe loading=\"lazy\" title=\"Balenciaga Summer 21 Pre-collection\" width=\"696\" height=\"392\" src=\"https:\/\/www.youtube.com\/embed\/tu1D0Pichng?feature=oembed&#038;enablejsapi=1\" frameborder=\"0\" allow=\"accelerometer; autoplay; clipboard-write; encrypted-media; gyroscope; picture-in-picture; web-share\" allowfullscreen><\/iframe>\n<\/div><\/figure>\n\n\n\n<p class=\"has-text-color has-very-dark-gray-color\">Otros dise\u00f1adores optaron por pasar definitivamente hacia lo digital: <em><a href=\"https:\/\/hanifa.co\/\" target=\"_blank\" rel=\"noreferrer noopener\">Anifa Mvuemba<\/a><\/em> ya hab\u00eda estado usando renders 3D para visualizar c\u00f3mo los detalles de sus prendas <em>-las costuras con cordones y los dobladillos de los p\u00e9plum-<\/em> se abrazar\u00edan y se mover\u00edan con el cuerpo. Al descubrir que su debut en la semana de la moda de <em>Nueva York<\/em> se topar\u00eda con una pandemia mundial, decidi\u00f3 que toda su pasarela ser\u00eda en <strong>renders<\/strong>, con modelos invisibles transmitido a trav\u00e9s de su cuenta <strong><a href=\"https:\/\/www.instagram.com\/Hanifaofficial\/\" target=\"_blank\" rel=\"noreferrer noopener\">IG<\/a><\/strong>.<\/p>\n\n\n\n<figure class=\"wp-block-embed-youtube wp-block-embed is-type-video is-provider-youtube wp-embed-aspect-16-9 wp-has-aspect-ratio\"><div class=\"wp-block-embed__wrapper\">\nhttps:\/\/youtu.be\/QyEEiy4c7GQ\n<\/div><\/figure>\n\n\n\n<p class=\"has-text-color has-very-dark-gray-color\">Siempre es importante tener en cuenta la <strong>huella ambiental <\/strong>que deja el consumo de moda, un informe reciente revel\u00f3 que solo los compradores y dise\u00f1adores de moda contribuyeron con <strong>241.000 toneladas de emisiones de CO2 al a\u00f1o<\/strong>, asistiendo a las semanas de la moda en <em>Nueva York, Londres, Par\u00eds y Mil\u00e1n,<\/em> lo que es <em>\u201csuficiente energ\u00eda para iluminar la Torre Eiffel durante 3.060 a\u00f1os \u00ab.<\/em><\/p>\n\n\n\n<p class=\"has-text-color has-very-dark-gray-color\">Una propuesta en una carta abierta redactada por <strong><a href=\"https:\/\/www.driesvannoten.com\/\" target=\"_blank\" rel=\"noreferrer noopener\">Dries Van Noten<\/a><\/strong> pide: <em>\u201cUn cambio en las entregas de ropa en las tiendas, para motivar las ventas a precio completo y frenar los descuentos que pueden ser perjudiciales para los dise\u00f1adores y minoristas, as\u00ed como un ajuste de las temporadas actuales de oto\u00f1o\/invierno y primavera\/verano. Por lo que la ropa ahora estar\u00e1 disponible para su compra durante la temporada para la que est\u00e1 hecha. Esto significar\u00eda que la ropa de oto\u00f1o\/invierno estar\u00eda disponible a partir de enero, en lugar de agosto, y la ropa de primavera\/verano estar\u00eda disponible a partir de julio en lugar de febrero.\u201d<\/em> Los firmantes incluyen a <em>Joseph<strong> <a href=\"https:\/\/www.altuzarra.com\/en-us\/\" target=\"_blank\" rel=\"noreferrer noopener\">Altuzarra,<\/a> <\/strong>Sarah Coonen de <strong><a href=\"https:\/\/www.libertylondon.com\/\" target=\"_blank\" rel=\"noreferrer noopener\">Liberty London<\/a>, <\/strong>Linda Fargo de<strong> <a href=\"https:\/\/www.bergdorfgoodman.com\/\" target=\"_blank\" rel=\"noreferrer noopener\">Bergdorf Goodman<\/a> <\/strong>en<strong> <\/strong>Nueva York<strong>, <\/strong>Andrew Keith de<strong> <a href=\"https:\/\/www.lanecrawford.com\/\" target=\"_blank\" rel=\"noreferrer noopener\">Lane Crawford<\/a> <\/strong>y<strong> <a href=\"https:\/\/www.joyce.com\/\" target=\"_blank\" rel=\"noreferrer noopener\">Joyce <\/a><\/strong>en Hong Kong y China.<\/em><\/p>\n\n\n\n<figure class=\"wp-block-embed-youtube wp-block-embed is-type-video is-provider-youtube wp-embed-aspect-16-9 wp-has-aspect-ratio\"><div class=\"wp-block-embed__wrapper\">\n<iframe loading=\"lazy\" title=\"Dior Autumn-Winter 2020-2021 Haute Couture\" width=\"696\" height=\"392\" src=\"https:\/\/www.youtube.com\/embed\/yxBFwqRbI8c?feature=oembed&#038;enablejsapi=1\" frameborder=\"0\" allow=\"accelerometer; autoplay; clipboard-write; encrypted-media; gyroscope; picture-in-picture; web-share\" allowfullscreen><\/iframe>\n<\/div><\/figure>\n\n\n\n<p class=\"has-text-color has-very-dark-gray-color\">Est\u00e1 claro que esta nueva forma de ver la moda no ser\u00e1 a nivel general, ya que muchas marcas decidieron continuar con sus pasarelas y con el ritmo de producci\u00f3n al que ya nos ten\u00edan acostumbrados. De cierta forma el alcance que puede tener una pasarela virtual es mayor al que tienen los desfiles a puerta cerrada, la moda se est\u00e1 acercando m\u00e1s a los consumidores y nos hace sentir menos agobiados en estos tiempos de crisis.<\/p>\n\n\n\n<p class=\"has-text-color has-background has-small-font-size has-very-dark-gray-color has-very-light-gray-background-color\"><img loading=\"lazy\" decoding=\"async\" width=\"502\" height=\"334\" class=\"wp-image-2209\" src=\"https:\/\/indasocial.com\/INDA\/wp-content\/uploads\/2021\/01\/Mariana.png\" alt=\"\" style=\"width: 200px;\" srcset=\"https:\/\/indasocial.com\/INDA\/wp-content\/uploads\/2021\/01\/Mariana.png 502w, https:\/\/indasocial.com\/INDA\/wp-content\/uploads\/2021\/01\/Mariana-320x213.png 320w\" sizes=\"(max-width: 502px) 100vw, 502px\" \/>  <a rel=\"noreferrer noopener\" href=\"https:\/\/twitter.com\/marianmarian\" target=\"_blank\">Mariana Ruiz:<\/a>&nbsp;Traductora Freelance. Investigadora de tiempo completo, adicta a bajar&nbsp;<a rel=\"noreferrer noopener\" href=\"https:\/\/www.instagram.com\/pdf.fanclub\/\" target=\"_blank\">PDF\u00b4s<\/a>. Program\u00e9 el&nbsp;<a rel=\"noreferrer noopener\" href=\"https:\/\/twitter.com\/bot_floral\" target=\"_blank\">@bot_floral<\/a>. Me gusta comer fruta mientras leo.<\/p>\n","protected":false},"excerpt":{"rendered":"<p>Las repercusiones que ha tenido la pandemia a nivel global ha afectado en distintos niveles, en la entrega anterior, hablamos acerca del gran golpe que dio a las l\u00edneas de producci\u00f3n del mercado de la moda y el impacto que tuvo en sus trabajadores. En esta entrega pondr\u00e9 ejemplos de c\u00f3mo afect\u00f3 en la parte [&hellip;]<\/p>\n","protected":false},"author":1,"featured_media":2461,"comment_status":"open","ping_status":"closed","sticky":false,"template":"","format":"standard","meta":{"footnotes":""},"categories":[15,10],"tags":[175,172,167,170,166,177,168,169,174,180,162,164,179,178,176,160,161,28,163,173,171,165],"_links":{"self":[{"href":"https:\/\/indasocial.com\/INDA\/wp-json\/wp\/v2\/posts\/2448"}],"collection":[{"href":"https:\/\/indasocial.com\/INDA\/wp-json\/wp\/v2\/posts"}],"about":[{"href":"https:\/\/indasocial.com\/INDA\/wp-json\/wp\/v2\/types\/post"}],"author":[{"embeddable":true,"href":"https:\/\/indasocial.com\/INDA\/wp-json\/wp\/v2\/users\/1"}],"replies":[{"embeddable":true,"href":"https:\/\/indasocial.com\/INDA\/wp-json\/wp\/v2\/comments?post=2448"}],"version-history":[{"count":8,"href":"https:\/\/indasocial.com\/INDA\/wp-json\/wp\/v2\/posts\/2448\/revisions"}],"predecessor-version":[{"id":2462,"href":"https:\/\/indasocial.com\/INDA\/wp-json\/wp\/v2\/posts\/2448\/revisions\/2462"}],"wp:featuredmedia":[{"embeddable":true,"href":"https:\/\/indasocial.com\/INDA\/wp-json\/wp\/v2\/media\/2461"}],"wp:attachment":[{"href":"https:\/\/indasocial.com\/INDA\/wp-json\/wp\/v2\/media?parent=2448"}],"wp:term":[{"taxonomy":"category","embeddable":true,"href":"https:\/\/indasocial.com\/INDA\/wp-json\/wp\/v2\/categories?post=2448"},{"taxonomy":"post_tag","embeddable":true,"href":"https:\/\/indasocial.com\/INDA\/wp-json\/wp\/v2\/tags?post=2448"}],"curies":[{"name":"wp","href":"https:\/\/api.w.org\/{rel}","templated":true}]}}