{"id":2410,"date":"2021-03-02T20:41:49","date_gmt":"2021-03-02T20:41:49","guid":{"rendered":"https:\/\/indasocial.com\/INDA\/?p=2410"},"modified":"2021-03-16T00:01:34","modified_gmt":"2021-03-16T00:01:34","slug":"fashion-covid","status":"publish","type":"post","link":"https:\/\/indasocial.com\/INDA\/2021\/03\/02\/fashion-covid\/","title":{"rendered":"FASHION POST-COVID: El lujo de la moda en nuestros tiempos. Parte Uno."},"content":{"rendered":"\n<p class=\"has-text-color has-very-dark-gray-color\">La reciente pandemia <em>COVID-19 <\/em>est\u00e1 provocando un cambio a nivel global en la forma de consumo, los h\u00e1bitos de compra se han modificado debido al cierre de tiendas. Ahora los consumidores han cambiado sus prioridades de compra y se han vuelto m\u00e1s selectivos al momento de comprar. \u00bfC\u00f3mo afect\u00f3 la pandemia a la moda? \u00bfLa forma de consumo ser\u00e1 la misma en la nueva normalidad? <\/p>\n\n\n\n<p class=\"has-text-color has-very-dark-gray-color\">Las ventas f\u00edsicas a nivel global bajaron hasta un <em>35% debido al cierre de tiendas, un \u00edndice m\u00e1s alto que el de la recesi\u00f3n de hace una d\u00e9cada, mientras que las ventas on-line aumentaron un 45%.<\/em> Las colecciones de primavera-verano quedaron en tiendas, provocando un d\u00e9ficit en las l\u00edneas de producci\u00f3n. Millones de costureros han perdido su trabajo como consecuencia de la pandemia y no tienen acceso a seguro social o financiamientos de apoyo.&nbsp;<\/p>\n\n\n\n<div class=\"wp-block-image\"><figure class=\"aligncenter size-large is-resized\"><img loading=\"lazy\" decoding=\"async\" src=\"https:\/\/indasocial.com\/INDA\/wp-content\/uploads\/2021\/03\/1.jpg\" alt=\"\" class=\"wp-image-2418\" width=\"613\" height=\"408\" srcset=\"https:\/\/indasocial.com\/INDA\/wp-content\/uploads\/2021\/03\/1.jpg 1024w, https:\/\/indasocial.com\/INDA\/wp-content\/uploads\/2021\/03\/1-600x400.jpg 600w, https:\/\/indasocial.com\/INDA\/wp-content\/uploads\/2021\/03\/1-800x534.jpg 800w, https:\/\/indasocial.com\/INDA\/wp-content\/uploads\/2021\/03\/1-320x213.jpg 320w, https:\/\/indasocial.com\/INDA\/wp-content\/uploads\/2021\/03\/1-560x374.jpg 560w\" sizes=\"(max-width: 613px) 100vw, 613px\" \/><figcaption><a href=\"https:\/\/www.nytimes.com\/2020\/03\/31\/fashion\/coronavirus-bangladesh.html\" target=\"_blank\" rel=\"noreferrer noopener\"><em>New York Times 2020.<\/em><\/a><\/figcaption><\/figure><\/div>\n\n\n\n<p class=\"has-text-color has-very-dark-gray-color\">En la industria de moda, las marcas pagan a sus proveedores semanas o meses despu\u00e9s de la entrega, esto significa que los maquiladores pagan por adelantado los materiales o fibras utilizadas para hacer los productos que las marcas compran. En respuesta a la pandemia, muchas de las marcas de ropa y minoristas han cancelado \u00f3rdenes y detuvieron los pagos, incluso cuando el trabajo ya se hab\u00eda hecho, sin hacerse responsables del impacto que tuvo en los trabajadores de las cadenas de producci\u00f3n.&nbsp;<\/p>\n\n\n\n<blockquote class=\"wp-block-quote\"><p>Las f\u00e1bricas no tuvieron m\u00e1s opci\u00f3n que destruir o mantener en espera los productos ya hechos y dejaron a la deriva a sus trabajadores.&nbsp;<\/p><\/blockquote>\n\n\n\n<div class=\"wp-block-image\"><figure class=\"aligncenter size-large is-resized\"><img loading=\"lazy\" decoding=\"async\" src=\"https:\/\/indasocial.com\/INDA\/wp-content\/uploads\/2021\/03\/2.jpg\" alt=\"\" class=\"wp-image-2412\" width=\"610\" height=\"406\" srcset=\"https:\/\/indasocial.com\/INDA\/wp-content\/uploads\/2021\/03\/2.jpg 1024w, https:\/\/indasocial.com\/INDA\/wp-content\/uploads\/2021\/03\/2-600x400.jpg 600w, https:\/\/indasocial.com\/INDA\/wp-content\/uploads\/2021\/03\/2-800x534.jpg 800w, https:\/\/indasocial.com\/INDA\/wp-content\/uploads\/2021\/03\/2-320x213.jpg 320w, https:\/\/indasocial.com\/INDA\/wp-content\/uploads\/2021\/03\/2-560x374.jpg 560w\" sizes=\"(max-width: 610px) 100vw, 610px\" \/><figcaption><a rel=\"noreferrer noopener\" href=\"https:\/\/www.nytimes.com\/2020\/03\/31\/fashion\/coronavirus-bangladesh.html\" target=\"_blank\"><em>New York Times 2020.<\/em><\/a><\/figcaption><\/figure><\/div>\n\n\n\n<p class=\"has-text-color has-very-dark-gray-color\"><strong><a href=\"https:\/\/www.bloomberg.com\/\" target=\"_blank\" rel=\"noreferrer noopener\">Bloomberg<\/a><\/strong> report\u00f3 que poco m\u00e1s de mil f\u00e1bricas en <em>Bangladesh tuvieron \u00f3rdenes canceladas por m\u00e1s de $1.5 mil millones de d\u00f3lares<\/em>, ya que debido al brote de coronavirus muchas f\u00e1bricas tuvieron que suspender sus actividades indefinidamente. <em>Bangladesh<\/em> es el segundo exportador textil, despu\u00e9s de China, con cuatro millones de trabajadores, principalmente mujeres, de los cuales m\u00e1s de un mill\u00f3n de trabajadorxs han sido despedidos o suspendidos debido a las cancelaciones de los pedidos y la falta de pagos.&nbsp;&nbsp;<\/p>\n\n\n\n<p class=\"has-text-color has-very-dark-gray-color\">Se estima que hay alrededor de dos mil millones de trabajadores informales alrededor del mundo que carecen de seguridad social. Algunos trabajadores recibieron menos de un mes de salario como indemnizaci\u00f3n, mientras que otros no recibieron sueldo alguno. Como resultado de COVID-19, que amenaza los flujos comerciales mundiales, las cooperativas de trabajadores, los grupos de artesanos, las comunidades locales de artesan\u00eda, los trabajadores a domicilio, los trabajadores agr\u00edcolas y los agricultores enfrentan circunstancias econ\u00f3micas desesperadas.<\/p>\n\n\n\n<div class=\"wp-block-image\"><figure class=\"aligncenter size-large is-resized\"><img loading=\"lazy\" decoding=\"async\" src=\"https:\/\/indasocial.com\/INDA\/wp-content\/uploads\/2021\/03\/4.jpg\" alt=\"\" class=\"wp-image-2414\" width=\"611\" height=\"407\" srcset=\"https:\/\/indasocial.com\/INDA\/wp-content\/uploads\/2021\/03\/4.jpg 700w, https:\/\/indasocial.com\/INDA\/wp-content\/uploads\/2021\/03\/4-600x400.jpg 600w, https:\/\/indasocial.com\/INDA\/wp-content\/uploads\/2021\/03\/4-320x213.jpg 320w, https:\/\/indasocial.com\/INDA\/wp-content\/uploads\/2021\/03\/4-560x374.jpg 560w\" sizes=\"(max-width: 611px) 100vw, 611px\" \/><\/figure><\/div>\n\n\n\n<p class=\"has-text-color has-very-dark-gray-color\"><em><a href=\"https:\/\/www.instagram.com\/p\/B-TRhvmBMMA\/?igshid=18895gyvw6qbc\">Un video que circula en Instagram<\/a>&nbsp;<\/em>muestra lo que parece una manufacturera de ropa en donde se hacen cubrebocas en condiciones extremas. Muchas marcas han ofrecido m\u00e1scaras en sus colecciones, lo que provoc\u00f3 que las cadenas de producci\u00f3n trabajaran en condiciones <em>antihigi\u00e9nicas<\/em>. Estas im\u00e1genes son alarmantes no s\u00f3lo por las condiciones en que estas <em>\u00abm\u00e1scaras salvavidas\u00bb<\/em> son hechas, sino que tambi\u00e9n es un recordatorio de que la industria de la moda contin\u00faa moderando en condiciones de explotaci\u00f3n y sin esquemas de transparencia. <\/p>\n\n\n\n<p class=\"has-text-color has-very-dark-gray-color\">La pandemia tambi\u00e9n provoc\u00f3 un cambio en la forma de comprar debido a los cierres de tiendas y plazas comerciales. Las ventas por internet subieron exponencialmente y las prioridades de compra cambiaron, pareciera que la decisi\u00f3n de comprar ser\u00e1 menos impulsiva y m\u00e1s racional, m\u00e1s planificada. <em>\u00bfSer\u00e1 este el fin del hiperconsumo?<\/em><\/p>\n\n\n\n<div class=\"wp-block-image\"><figure class=\"aligncenter size-large is-resized\"><img loading=\"lazy\" decoding=\"async\" src=\"https:\/\/indasocial.com\/INDA\/wp-content\/uploads\/2021\/03\/5.jpg\" alt=\"\" class=\"wp-image-2415\" width=\"616\" height=\"616\" srcset=\"https:\/\/indasocial.com\/INDA\/wp-content\/uploads\/2021\/03\/5.jpg 750w, https:\/\/indasocial.com\/INDA\/wp-content\/uploads\/2021\/03\/5-300x300.jpg 300w, https:\/\/indasocial.com\/INDA\/wp-content\/uploads\/2021\/03\/5-100x100.jpg 100w, https:\/\/indasocial.com\/INDA\/wp-content\/uploads\/2021\/03\/5-600x600.jpg 600w, https:\/\/indasocial.com\/INDA\/wp-content\/uploads\/2021\/03\/5-80x80.jpg 80w, https:\/\/indasocial.com\/INDA\/wp-content\/uploads\/2021\/03\/5-320x320.jpg 320w, https:\/\/indasocial.com\/INDA\/wp-content\/uploads\/2021\/03\/5-560x560.jpg 560w, https:\/\/indasocial.com\/INDA\/wp-content\/uploads\/2021\/03\/5-90x90.jpg 90w\" sizes=\"(max-width: 616px) 100vw, 616px\" \/><figcaption><a href=\"https:\/\/en.vogue.me\/fashion\/fashion-industry-coping-effects-covid-19\/\" target=\"_blank\" rel=\"noreferrer noopener\"><em>VOGUE 2020.<\/em><\/a><\/figcaption><\/figure><\/div>\n\n\n\n<div class=\"wp-block-image\"><figure class=\"aligncenter size-large is-resized\"><img loading=\"lazy\" decoding=\"async\" src=\"https:\/\/indasocial.com\/INDA\/wp-content\/uploads\/2021\/03\/7.jpeg\" alt=\"\" class=\"wp-image-2417\" width=\"617\" height=\"375\" srcset=\"https:\/\/indasocial.com\/INDA\/wp-content\/uploads\/2021\/03\/7.jpeg 653w, https:\/\/indasocial.com\/INDA\/wp-content\/uploads\/2021\/03\/7-600x365.jpeg 600w, https:\/\/indasocial.com\/INDA\/wp-content\/uploads\/2021\/03\/7-320x195.jpeg 320w, https:\/\/indasocial.com\/INDA\/wp-content\/uploads\/2021\/03\/7-560x340.jpeg 560w\" sizes=\"(max-width: 617px) 100vw, 617px\" \/><figcaption><a href=\"https:\/\/us.louisvuitton.com\/eng-us\/homepage\" target=\"_blank\" rel=\"noreferrer noopener\"><em>LOUIS VUITTON 2020.<\/em><\/a><\/figcaption><\/figure><\/div>\n\n\n\n<p class=\"has-text-color has-very-dark-gray-color\"> Adem\u00e1s, los compradores ahora se preocupar\u00e1n por las medidas de higiene que hay en las tiendas por miedo a los contagios, las tiendas deber\u00e1n adaptarse a estas nuevas exigencias del mercado para asegurar el menor n\u00famero de contagios entre los clientes y los vendedores.&nbsp;<\/p>\n\n\n\n<p class=\"has-text-color has-very-dark-gray-color\">Est\u00e1 claro que el trabajo desde casa ha sido la opci\u00f3n para evitar contagios, es por esto que la forma de consumir tambi\u00e9n cambi\u00f3: Las marcas han aprovechado este nuevo mercado creando <em>colecciones work-from-home<\/em>, que son m\u00e1s c\u00f3modas y pr\u00e1cticas para estar en casa sin perder el estilo. Sin duda el monstruo de la moda no pierde la oportunidad y crea nuevas formas de vender prendas que generan un costo no s\u00f3lo econ\u00f3mico sino tambi\u00e9n ambiental. En esta \u00e9poca de crisis es necesario dimensionar nuestro consumo para poder empezar a hacer un cambio.<\/p>\n\n\n\n<div class=\"wp-block-image\"><figure class=\"aligncenter size-large is-resized\"><img loading=\"lazy\" decoding=\"async\" src=\"https:\/\/indasocial.com\/INDA\/wp-content\/uploads\/2021\/03\/6.jpg\" alt=\"\" class=\"wp-image-2416\" width=\"617\" height=\"411\" srcset=\"https:\/\/indasocial.com\/INDA\/wp-content\/uploads\/2021\/03\/6.jpg 600w, https:\/\/indasocial.com\/INDA\/wp-content\/uploads\/2021\/03\/6-320x213.jpg 320w, https:\/\/indasocial.com\/INDA\/wp-content\/uploads\/2021\/03\/6-560x373.jpg 560w\" sizes=\"(max-width: 617px) 100vw, 617px\" \/><\/figure><\/div>\n\n\n\n<p class=\"has-text-color has-very-dark-gray-color\">\u00c9sta es s\u00f3lo una cara de la moneda de lo que est\u00e1 pasando en la industria de la moda, \u00bfc\u00f3mo es que sobrevivir\u00e1n las pasarelas? Lo discutir\u00e9 en la <strong><a href=\"https:\/\/indasocial.com\/INDA\/2021\/03\/15\/fashion-postcovid-dos\/\" target=\"_blank\" rel=\"noreferrer noopener\">siguiente entrega. \u00a0<\/a><\/strong><\/p>\n\n\n\n<p class=\"has-text-color has-background has-small-font-size has-very-dark-gray-color has-very-light-gray-background-color\"><img loading=\"lazy\" decoding=\"async\" width=\"502\" height=\"334\" class=\"wp-image-2209\" style=\"width: 200px;\" src=\"https:\/\/indasocial.com\/INDA\/wp-content\/uploads\/2021\/01\/Mariana.png\" alt=\"\" srcset=\"https:\/\/indasocial.com\/INDA\/wp-content\/uploads\/2021\/01\/Mariana.png 502w, https:\/\/indasocial.com\/INDA\/wp-content\/uploads\/2021\/01\/Mariana-320x213.png 320w\" sizes=\"(max-width: 502px) 100vw, 502px\" \/>   <a rel=\"noreferrer noopener\" href=\"https:\/\/twitter.com\/marianmarian\" target=\"_blank\">Mariana Ruiz:<\/a>&nbsp;Traductora Freelance. Investigadora de tiempo completo, adicta a bajar&nbsp;<a rel=\"noreferrer noopener\" href=\"https:\/\/www.instagram.com\/pdf.fanclub\/\" target=\"_blank\">PDF\u00b4s<\/a>. Program\u00e9 el&nbsp;<a rel=\"noreferrer noopener\" href=\"https:\/\/twitter.com\/bot_floral\" target=\"_blank\">@bot_floral<\/a>. Me gusta comer fruta mientras leo.<\/p>\n","protected":false},"excerpt":{"rendered":"<p>La reciente pandemia COVID-19 est\u00e1 provocando un cambio a nivel global en la forma de consumo, los h\u00e1bitos de compra se han modificado debido al cierre de tiendas. Ahora los consumidores han cambiado sus prioridades de compra y se han vuelto m\u00e1s selectivos al momento de comprar. \u00bfC\u00f3mo afect\u00f3 la pandemia a la moda? \u00bfLa [&hellip;]<\/p>\n","protected":false},"author":1,"featured_media":2413,"comment_status":"open","ping_status":"closed","sticky":false,"template":"","format":"standard","meta":{"footnotes":""},"categories":[15,10],"tags":[133,124,29,128,132,131,28,126,125,129,127],"_links":{"self":[{"href":"https:\/\/indasocial.com\/INDA\/wp-json\/wp\/v2\/posts\/2410"}],"collection":[{"href":"https:\/\/indasocial.com\/INDA\/wp-json\/wp\/v2\/posts"}],"about":[{"href":"https:\/\/indasocial.com\/INDA\/wp-json\/wp\/v2\/types\/post"}],"author":[{"embeddable":true,"href":"https:\/\/indasocial.com\/INDA\/wp-json\/wp\/v2\/users\/1"}],"replies":[{"embeddable":true,"href":"https:\/\/indasocial.com\/INDA\/wp-json\/wp\/v2\/comments?post=2410"}],"version-history":[{"count":7,"href":"https:\/\/indasocial.com\/INDA\/wp-json\/wp\/v2\/posts\/2410\/revisions"}],"predecessor-version":[{"id":2458,"href":"https:\/\/indasocial.com\/INDA\/wp-json\/wp\/v2\/posts\/2410\/revisions\/2458"}],"wp:featuredmedia":[{"embeddable":true,"href":"https:\/\/indasocial.com\/INDA\/wp-json\/wp\/v2\/media\/2413"}],"wp:attachment":[{"href":"https:\/\/indasocial.com\/INDA\/wp-json\/wp\/v2\/media?parent=2410"}],"wp:term":[{"taxonomy":"category","embeddable":true,"href":"https:\/\/indasocial.com\/INDA\/wp-json\/wp\/v2\/categories?post=2410"},{"taxonomy":"post_tag","embeddable":true,"href":"https:\/\/indasocial.com\/INDA\/wp-json\/wp\/v2\/tags?post=2410"}],"curies":[{"name":"wp","href":"https:\/\/api.w.org\/{rel}","templated":true}]}}