{"id":1698,"date":"2020-03-17T00:58:27","date_gmt":"2020-03-17T00:58:27","guid":{"rendered":"https:\/\/indasocial.com\/INDA\/?p=1698"},"modified":"2020-07-23T19:58:17","modified_gmt":"2020-07-23T19:58:17","slug":"mola-educa","status":"publish","type":"post","link":"https:\/\/indasocial.com\/INDA\/2020\/03\/17\/mola-educa\/","title":{"rendered":"MOLA EDUCA: Hilando una nueva sociedad cultural."},"content":{"rendered":"\n<p class=\"has-text-color has-very-dark-gray-color\">La t\u00e9cnica de tejer en telar de cintura es una tradici\u00f3n ancestral de los ind\u00edgenas tzotziles de <a href=\"https:\/\/es.wikipedia.org\/wiki\/Chiapas\" target=\"_blank\" rel=\"noreferrer noopener\" aria-label=\"Chiapas (opens in a new tab)\">Chiapas<\/a>. En la cultura maya,<a href=\"https:\/\/es.wikipedia.org\/wiki\/Ixchel\" target=\"_blank\" rel=\"noreferrer noopener\" aria-label=\" Ixchel (opens in a new tab)\"> Ixchel<\/a> era la diosa de la luna y el tejido. Su hija <em>Ix Chebel Ya\u2019ax <\/em>era la patrona de la pintura y el bordado, mientras que las ni\u00f1as a la edad de 7 a\u00f1os le ofrec\u00edan su primer tejido.<\/p>\n\n\n\n<div class=\"wp-block-image\"><figure class=\"aligncenter size-large is-resized\"><img loading=\"lazy\" decoding=\"async\" src=\"https:\/\/indasocial.com\/INDA\/wp-content\/uploads\/2020\/03\/Telar_Cintura_B-1160x871.jpg\" alt=\"\" class=\"wp-image-1700\" width=\"661\" height=\"496\" srcset=\"https:\/\/indasocial.com\/INDA\/wp-content\/uploads\/2020\/03\/Telar_Cintura_B-1160x871.jpg 1160w, https:\/\/indasocial.com\/INDA\/wp-content\/uploads\/2020\/03\/Telar_Cintura_B-600x451.jpg 600w, https:\/\/indasocial.com\/INDA\/wp-content\/uploads\/2020\/03\/Telar_Cintura_B-800x601.jpg 800w, https:\/\/indasocial.com\/INDA\/wp-content\/uploads\/2020\/03\/Telar_Cintura_B-320x240.jpg 320w, https:\/\/indasocial.com\/INDA\/wp-content\/uploads\/2020\/03\/Telar_Cintura_B-300x225.jpg 300w, https:\/\/indasocial.com\/INDA\/wp-content\/uploads\/2020\/03\/Telar_Cintura_B-560x420.jpg 560w, https:\/\/indasocial.com\/INDA\/wp-content\/uploads\/2020\/03\/Telar_Cintura_B.jpg 1198w\" sizes=\"(max-width: 661px) 100vw, 661px\" \/><figcaption><a href=\"https:\/\/molycata.com\/historia-tejido-y-telar-de-cintura\/\" target=\"_blank\" rel=\"noreferrer noopener\">MOLYCATA FOTOGRAF\u00cdA<\/a><\/figcaption><\/figure><\/div>\n\n\n\n<p class=\"has-text-color has-very-dark-gray-color\">El pasado 14 y 15 de Marzo, se realiz\u00f3 por primera vez el <strong>Workshop: Telar de Cintura<\/strong>. Un evento en colaboraci\u00f3n con <strong><a href=\"http:\/\/universomola.com\/\" target=\"_blank\" rel=\"noreferrer noopener\" aria-label=\"MOLA (opens in a new tab)\">MOLA<\/a>, <a href=\"https:\/\/www.iberopuebla.mx\/\" target=\"_blank\" rel=\"noreferrer noopener\" aria-label=\"Ibero Puebla (opens in a new tab)\">Ibero Puebla<\/a>, <a href=\"https:\/\/indasocial.com\/INDA\/\" target=\"_blank\" rel=\"noreferrer noopener\" aria-label=\"Indasocial (opens in a new tab)\">Indasocial<\/a> &amp; <a href=\"https:\/\/www.facebook.com\/sinergiacholulamexico\/\" target=\"_blank\" rel=\"noreferrer noopener\" aria-label=\"Sinerg\u00eda Cholula (opens in a new tab)\">Sinerg\u00eda Cholula<\/a><\/strong> que impulsa construir una comunidad consciente; en donde <em>el tejido social<\/em>,  l<em>a creatividad, el dise\u00f1o, la habilidad y el dominio de la t\u00e9cnica<\/em> <em>combinados<\/em>, dan como resultado piezas de gran calidad y complejidad imposibles de imitar.<\/p>\n\n\n\n<p class=\"has-text-color has-very-dark-gray-color\"><strong><a href=\"https:\/\/www.instagram.com\/colabora_tecamac\/\" target=\"_blank\" rel=\"noreferrer noopener\" aria-label=\"Espacio Colabora Tec\u00e1mac (opens in a new tab)\">Espacio Colabora Tec\u00e1mac<\/a><\/strong>, abri\u00f3 sus puertas para dar la bienvenida un grupo de mujeres, qui\u00e9nes mediante la reivindicaci\u00f3n del trabajo artesanal mexicano, comenzaban a realizar la din\u00e1mica del taller de cintura. <\/p>\n\n\n\n<figure class=\"wp-block-gallery columns-2 is-cropped wp-block-gallery-1 is-layout-flex wp-block-gallery-is-layout-flex\"><ul class=\"blocks-gallery-grid\"><li class=\"blocks-gallery-item\"><figure><img loading=\"lazy\" decoding=\"async\" width=\"449\" height=\"800\" src=\"https:\/\/indasocial.com\/INDA\/wp-content\/uploads\/2020\/03\/Captura-de-pantalla-2020-03-16-a-las-18.45.46.png\" alt=\"\" data-id=\"1709\" data-full-url=\"https:\/\/indasocial.com\/INDA\/wp-content\/uploads\/2020\/03\/Captura-de-pantalla-2020-03-16-a-las-18.45.46.png\" data-link=\"https:\/\/indasocial.com\/INDA\/captura-de-pantalla-2020-03-16-a-las-18-45-46\/\" class=\"wp-image-1709\" srcset=\"https:\/\/indasocial.com\/INDA\/wp-content\/uploads\/2020\/03\/Captura-de-pantalla-2020-03-16-a-las-18.45.46.png 449w, https:\/\/indasocial.com\/INDA\/wp-content\/uploads\/2020\/03\/Captura-de-pantalla-2020-03-16-a-las-18.45.46-320x570.png 320w\" sizes=\"(max-width: 449px) 100vw, 449px\" \/><\/figure><\/li><li class=\"blocks-gallery-item\"><figure><img loading=\"lazy\" decoding=\"async\" width=\"600\" height=\"1068\" src=\"https:\/\/indasocial.com\/INDA\/wp-content\/uploads\/2020\/03\/uno.png\" alt=\"\" data-id=\"1707\" data-full-url=\"https:\/\/indasocial.com\/INDA\/wp-content\/uploads\/2020\/03\/uno.png\" data-link=\"https:\/\/indasocial.com\/INDA\/uno-2\/\" class=\"wp-image-1707\" srcset=\"https:\/\/indasocial.com\/INDA\/wp-content\/uploads\/2020\/03\/uno.png 600w, https:\/\/indasocial.com\/INDA\/wp-content\/uploads\/2020\/03\/uno-320x570.png 320w, https:\/\/indasocial.com\/INDA\/wp-content\/uploads\/2020\/03\/uno-560x997.png 560w\" sizes=\"(max-width: 600px) 100vw, 600px\" \/><\/figure><\/li><\/ul><\/figure>\n\n\n\n<p class=\"has-text-color has-very-dark-gray-color\"><em>Nayeli<\/em>, la tallerista que imparti\u00f3 este primer taller de <em>MOLA Educa<\/em>, ha adquirido el conocimiento del&nbsp;arte milenario del telar de cintura de manos y ense\u00f1anzas de artesanos de <strong>Veracruz<\/strong>. La importancia de proponer estas actividades, va m\u00e1s all\u00e1 de ser una alternativa recreativa para esta primavera, puesto que; ense\u00f1ar estas disciplinas, genera la posibilidad no s\u00f3lo de dar a&nbsp;conocer al p\u00fablico en general, sino que; al cultivarlas se preservan y al proyectarlas como un elemento de identidad veracruzana, genera tambi\u00e9n la posibilidad de que cada vez m\u00e1s personas la reconozcan, la reinterpreten, y que al hacer esto aseguren su permanencia.&nbsp;<\/p>\n\n\n\n<figure class=\"wp-block-gallery columns-3 is-cropped wp-block-gallery-2 is-layout-flex wp-block-gallery-is-layout-flex\"><ul class=\"blocks-gallery-grid\"><li class=\"blocks-gallery-item\"><figure><img loading=\"lazy\" decoding=\"async\" width=\"600\" height=\"1068\" src=\"https:\/\/indasocial.com\/INDA\/wp-content\/uploads\/2020\/03\/tres.png\" alt=\"\" data-id=\"1706\" data-full-url=\"https:\/\/indasocial.com\/INDA\/wp-content\/uploads\/2020\/03\/tres.png\" data-link=\"https:\/\/indasocial.com\/INDA\/tres-2\/\" class=\"wp-image-1706\" srcset=\"https:\/\/indasocial.com\/INDA\/wp-content\/uploads\/2020\/03\/tres.png 600w, https:\/\/indasocial.com\/INDA\/wp-content\/uploads\/2020\/03\/tres-320x570.png 320w, https:\/\/indasocial.com\/INDA\/wp-content\/uploads\/2020\/03\/tres-560x997.png 560w\" sizes=\"(max-width: 600px) 100vw, 600px\" \/><\/figure><\/li><li class=\"blocks-gallery-item\"><figure><img loading=\"lazy\" decoding=\"async\" width=\"600\" height=\"1068\" src=\"https:\/\/indasocial.com\/INDA\/wp-content\/uploads\/2020\/03\/cuatro.png\" alt=\"\" data-id=\"1708\" data-full-url=\"https:\/\/indasocial.com\/INDA\/wp-content\/uploads\/2020\/03\/cuatro.png\" data-link=\"https:\/\/indasocial.com\/INDA\/cuatro-2\/\" class=\"wp-image-1708\" srcset=\"https:\/\/indasocial.com\/INDA\/wp-content\/uploads\/2020\/03\/cuatro.png 600w, https:\/\/indasocial.com\/INDA\/wp-content\/uploads\/2020\/03\/cuatro-320x570.png 320w, https:\/\/indasocial.com\/INDA\/wp-content\/uploads\/2020\/03\/cuatro-560x997.png 560w\" sizes=\"(max-width: 600px) 100vw, 600px\" \/><\/figure><\/li><li class=\"blocks-gallery-item\"><figure><img loading=\"lazy\" decoding=\"async\" width=\"445\" height=\"799\" src=\"https:\/\/indasocial.com\/INDA\/wp-content\/uploads\/2020\/03\/Captura-de-pantalla-2020-03-16-a-las-18.45.59.png\" alt=\"\" data-id=\"1710\" data-full-url=\"https:\/\/indasocial.com\/INDA\/wp-content\/uploads\/2020\/03\/Captura-de-pantalla-2020-03-16-a-las-18.45.59.png\" data-link=\"https:\/\/indasocial.com\/INDA\/captura-de-pantalla-2020-03-16-a-las-18-45-59\/\" class=\"wp-image-1710\" srcset=\"https:\/\/indasocial.com\/INDA\/wp-content\/uploads\/2020\/03\/Captura-de-pantalla-2020-03-16-a-las-18.45.59.png 445w, https:\/\/indasocial.com\/INDA\/wp-content\/uploads\/2020\/03\/Captura-de-pantalla-2020-03-16-a-las-18.45.59-320x575.png 320w\" sizes=\"(max-width: 445px) 100vw, 445px\" \/><\/figure><\/li><\/ul><\/figure>\n\n\n\n<p class=\"has-text-color has-very-dark-gray-color\">Sin duda alguna este taller muestra una ventana al hilar nuevas sociedades, generar un nuevo comercio justo y circular el fortalecimiento de una identidad cultural, para nuestras pr\u00f3ximas generaciones.  <\/p>\n\n\n\n<p><\/p>\n","protected":false},"excerpt":{"rendered":"<p>La t\u00e9cnica de tejer en telar de cintura es una tradici\u00f3n ancestral de los ind\u00edgenas tzotziles de Chiapas. En la cultura maya, Ixchel era la diosa de la luna y el tejido. Su hija Ix Chebel Ya\u2019ax era la patrona de la pintura y el bordado, mientras que las ni\u00f1as a la edad de 7 [&hellip;]<\/p>\n","protected":false},"author":1,"featured_media":1700,"comment_status":"open","ping_status":"closed","sticky":false,"template":"","format":"standard","meta":{"footnotes":""},"categories":[15,10],"tags":[],"_links":{"self":[{"href":"https:\/\/indasocial.com\/INDA\/wp-json\/wp\/v2\/posts\/1698"}],"collection":[{"href":"https:\/\/indasocial.com\/INDA\/wp-json\/wp\/v2\/posts"}],"about":[{"href":"https:\/\/indasocial.com\/INDA\/wp-json\/wp\/v2\/types\/post"}],"author":[{"embeddable":true,"href":"https:\/\/indasocial.com\/INDA\/wp-json\/wp\/v2\/users\/1"}],"replies":[{"embeddable":true,"href":"https:\/\/indasocial.com\/INDA\/wp-json\/wp\/v2\/comments?post=1698"}],"version-history":[{"count":9,"href":"https:\/\/indasocial.com\/INDA\/wp-json\/wp\/v2\/posts\/1698\/revisions"}],"predecessor-version":[{"id":1977,"href":"https:\/\/indasocial.com\/INDA\/wp-json\/wp\/v2\/posts\/1698\/revisions\/1977"}],"wp:featuredmedia":[{"embeddable":true,"href":"https:\/\/indasocial.com\/INDA\/wp-json\/wp\/v2\/media\/1700"}],"wp:attachment":[{"href":"https:\/\/indasocial.com\/INDA\/wp-json\/wp\/v2\/media?parent=1698"}],"wp:term":[{"taxonomy":"category","embeddable":true,"href":"https:\/\/indasocial.com\/INDA\/wp-json\/wp\/v2\/categories?post=1698"},{"taxonomy":"post_tag","embeddable":true,"href":"https:\/\/indasocial.com\/INDA\/wp-json\/wp\/v2\/tags?post=1698"}],"curies":[{"name":"wp","href":"https:\/\/api.w.org\/{rel}","templated":true}]}}