{"id":1503,"date":"2019-12-22T22:04:00","date_gmt":"2019-12-22T22:04:00","guid":{"rendered":"https:\/\/indasocial.com\/INDA\/?p=1503"},"modified":"2019-12-22T22:27:46","modified_gmt":"2019-12-22T22:27:46","slug":"hacer-la-revolucion","status":"publish","type":"post","link":"https:\/\/indasocial.com\/INDA\/2019\/12\/22\/hacer-la-revolucion\/","title":{"rendered":"Hacer La Revoluci\u00f3n: El imaginario popular mexicano."},"content":{"rendered":"\n<p class=\"has-text-color has-very-dark-gray-color\">El revuelo que ha causado una peque\u00f1a pintura estos \u00faltimos d\u00edas en M\u00e9xico, nos regala un vistazo de c\u00f3mo aquello que de alguna forma se piensa superado a nivel social, pol\u00edtico y art\u00edstico, siempre retorna a nosotros de diversas maneras.<\/p>\n\n\n\n<p class=\"has-text-color has-very-dark-gray-color\">La obra titulada&nbsp;<strong><em>La revoluci\u00f3n<\/em>&nbsp;<\/strong>del artista chiapaneco <strong><a rel=\"noreferrer noopener\" aria-label=\"Fabi\u00e1n Ch\u00e1irez (opens in a new tab)\" href=\"https:\/\/es.wikipedia.org\/wiki\/Fabi%C3%A1n_Ch%C3%A1irez\" target=\"_blank\">Fabi\u00e1n Ch\u00e1irez<\/a><\/strong>, expuesta en el <strong>Museo del Palacio de Bellas Artes<\/strong> en Ciudad de M\u00e9xico, como parte de la exposici\u00f3n&nbsp;<em>Emiliano Zapata despu\u00e9s de Zapata&nbsp;<\/em>muestra a <strong><a href=\"https:\/\/es.wikipedia.org\/wiki\/Emiliano_Zapata\" target=\"_blank\" rel=\"noreferrer noopener\" aria-label=\"Emiliano Zapata (opens in a new tab)\">Emiliano Zapata<\/a><\/strong>, ep\u00edtome de la masculinidad mexicana, desnudo, con un sombrero rosa y zapatos de tac\u00f3n con forma de pistola y montando un caballo blanco.<\/p>\n\n\n\n<div class=\"wp-block-image\"><figure class=\"aligncenter size-large is-resized\"><img loading=\"lazy\" decoding=\"async\" src=\"https:\/\/indasocial.com\/INDA\/wp-content\/uploads\/2019\/12\/cc-colectiva.jpg\" alt=\"\" class=\"wp-image-1500\" width=\"603\" height=\"338\" srcset=\"https:\/\/indasocial.com\/INDA\/wp-content\/uploads\/2019\/12\/cc-colectiva.jpg 836w, https:\/\/indasocial.com\/INDA\/wp-content\/uploads\/2019\/12\/cc-colectiva-600x337.jpg 600w, https:\/\/indasocial.com\/INDA\/wp-content\/uploads\/2019\/12\/cc-colectiva-800x450.jpg 800w, https:\/\/indasocial.com\/INDA\/wp-content\/uploads\/2019\/12\/cc-colectiva-320x180.jpg 320w, https:\/\/indasocial.com\/INDA\/wp-content\/uploads\/2019\/12\/cc-colectiva-560x315.jpg 560w\" sizes=\"(max-width: 603px) 100vw, 603px\" \/><figcaption><em>Cultura Colectiva 2019.<\/em><\/figcaption><\/figure><\/div>\n\n\n\n<p class=\"has-text-color has-very-dark-gray-color\">Si bien la pintura ha sido adoptada por la comunidad<strong> LGBT+<\/strong> y como parte de la cultura&nbsp;<em>queer<\/em>&nbsp;desde 2013, las reacciones y la violencia se hicieron visibles desde el martes 10 de diciembre con las declaraciones del nieto de Emiliano Zapata, <strong>Jorge Zapata<\/strong>, quien adem\u00e1s habl\u00f3 de tomar acciones legales contra el recinto y el artista por \u201cdenigrar\u201d la imagen del llamado Caudillo del sur.<\/p>\n\n\n\n<p class=\"has-text-color has-very-dark-gray-color\">Las reacciones no se hicieron esperar en medios nacionales e internacionales as\u00ed como en redes sociales. Algunos llamados \u201ccr\u00edticos\u201d tampoco se han hecho esperar. Lo cierto es que el revuelo en torno a esta obra habla mucho de todo aquello que de alguna manera se cre\u00eda superado. La resurgida homofobia, disfrazada del \u201crespeto\u201d a un h\u00e9roe nacional y las mismas cr\u00edticas sobre qu\u00e9 deber\u00eda o no exponerse en Bellas Artes vuelven a abrirnos grietas, discusiones anticuadas, anquilosadas que finalmente siguen demostrando la idiosincrasia mexicana.<\/p>\n\n\n\n<div class=\"wp-block-image\"><figure class=\"aligncenter size-large is-resized\"><img loading=\"lazy\" decoding=\"async\" src=\"https:\/\/indasocial.com\/INDA\/wp-content\/uploads\/2019\/12\/Captura-de-pantalla-2019-12-22-a-las-15.43.23.png\" alt=\"\" class=\"wp-image-1499\" width=\"600\" height=\"376\"\/><figcaption><em>Washington Post 2019.<\/em><\/figcaption><\/figure><\/div>\n\n\n\n<p class=\"has-text-color has-very-dark-gray-color\">En la ficha de la pieza, el curador describe c\u00f3mo la figura del Caudillo es un s\u00edmbolo no s\u00f3lo de resistencia, si no tambi\u00e9n un referente desde donde se pueden cuestionar las <em>masculinidades hegem\u00f3nicas<\/em>, visibilizando la diversidad sexual. Finalmente y con estas reacciones, nos volvemos a dar cuenta de que al parecer la lucha sigue estando reservada para unos cuantos, o al parecer esa lucha es propiedad privada.&nbsp;<\/p>\n\n\n\n<p class=\"has-text-color has-very-dark-gray-color\">Los valores llamados est\u00e9ticos, enarbolados por estos \u00ab<em>cr\u00edticos<\/em>\u00bb que m\u00e1s bien parecen <strong>no haberse enterado que el siglo XVIII ha pasado ya desde hace tiempo<\/strong>, que hablan de un arte <em>forzosamente bello, acad\u00e9mico, atemporal, entre otros adjetivos<\/em>, forman parte de esta idea extendida de lo que debe o no ser arte o de c\u00f3mo debe ser entendido. Si bien la obra del chiapaneco no resalta por su maravillosa factura, si resalta por la idea detr\u00e1s de la imagen. Y a este respecto debemos preguntarnos <em>\u00bfpor qu\u00e9 el sexualizar a alguien le debilita?<\/em>, volvemos al mismo punto, as\u00ed como hay una idea de lo que debe ser arte, hay una idea extendida de c\u00f3mo debe representarse a ciertas figuras <em>\u201cpol\u00edticas\u201d<\/em> y es que el problema no es la sexualizaci\u00f3n, si no <em>la sexualizaci\u00f3n no hegem\u00f3nica.<\/em> No nos gustan los cuerpos que no cumplen con las caracter\u00edsticas <em>(masculinas o femeninas) <\/em>que seguimos considerando inamovibles.<\/p>\n\n\n\n<div class=\"wp-block-image\"><figure class=\"aligncenter size-large is-resized\"><img loading=\"lazy\" decoding=\"async\" src=\"https:\/\/indasocial.com\/INDA\/wp-content\/uploads\/2019\/12\/Captura-de-pantalla-2019-12-22-a-las-15.42.53.png\" alt=\"\" class=\"wp-image-1501\" width=\"601\" height=\"411\" srcset=\"https:\/\/indasocial.com\/INDA\/wp-content\/uploads\/2019\/12\/Captura-de-pantalla-2019-12-22-a-las-15.42.53.png 927w, https:\/\/indasocial.com\/INDA\/wp-content\/uploads\/2019\/12\/Captura-de-pantalla-2019-12-22-a-las-15.42.53-600x411.png 600w, https:\/\/indasocial.com\/INDA\/wp-content\/uploads\/2019\/12\/Captura-de-pantalla-2019-12-22-a-las-15.42.53-800x548.png 800w, https:\/\/indasocial.com\/INDA\/wp-content\/uploads\/2019\/12\/Captura-de-pantalla-2019-12-22-a-las-15.42.53-320x219.png 320w, https:\/\/indasocial.com\/INDA\/wp-content\/uploads\/2019\/12\/Captura-de-pantalla-2019-12-22-a-las-15.42.53-560x384.png 560w\" sizes=\"(max-width: 601px) 100vw, 601px\" \/><figcaption><em>Washington Post 2019.<\/em><\/figcaption><\/figure><\/div>\n\n\n\n<p class=\"has-text-color has-very-dark-gray-color\">La imagen de <strong>Zapata<\/strong>, como la de cualquier figura considerada de importancia nacional puede y debe ser revisada, reanalizada y revisitada. Resulta muy interesante que esta obra tan peque\u00f1ita, pero tan grande en su forma simb\u00f3lica, haya desatado toda esta ola de <em>homofobia renovada<\/em> que se disfraza ahora bajo la idea del <em>\u201crespeto a los h\u00e9roes\u201d <\/em>o a la imagen de un personaje hist\u00f3rico, que precisamente por eso, <strong>es susceptible de cualquier revisi\u00f3n, investigaci\u00f3n y readaptaci\u00f3n al formar parte del imaginario popular.<\/strong><\/p>\n\n\n\n<div class=\"wp-block-image\"><figure class=\"aligncenter size-large is-resized\"><img loading=\"lazy\" decoding=\"async\" src=\"https:\/\/indasocial.com\/INDA\/wp-content\/uploads\/2019\/12\/Emiliano-Zapata.jpeg\" alt=\"\" class=\"wp-image-1502\" width=\"603\" height=\"376\" srcset=\"https:\/\/indasocial.com\/INDA\/wp-content\/uploads\/2019\/12\/Emiliano-Zapata.jpeg 1140w, https:\/\/indasocial.com\/INDA\/wp-content\/uploads\/2019\/12\/Emiliano-Zapata-600x375.jpeg 600w, https:\/\/indasocial.com\/INDA\/wp-content\/uploads\/2019\/12\/Emiliano-Zapata-800x500.jpeg 800w, https:\/\/indasocial.com\/INDA\/wp-content\/uploads\/2019\/12\/Emiliano-Zapata-320x200.jpeg 320w, https:\/\/indasocial.com\/INDA\/wp-content\/uploads\/2019\/12\/Emiliano-Zapata-560x350.jpeg 560w\" sizes=\"(max-width: 603px) 100vw, 603px\" \/><figcaption><em>El Sol de Tijuana. 2019.<\/em><\/figcaption><\/figure><\/div>\n\n\n\n<div class=\"wp-block-image\"><figure class=\"alignleft size-large is-resized\"><img loading=\"lazy\" decoding=\"async\" src=\"https:\/\/indasocial.com\/INDA\/wp-content\/uploads\/2019\/07\/d4b7edee-3f88-47a1-af49-a54409d1d5f9-1160x934.jpeg\" alt=\"\" class=\"wp-image-1075\" width=\"192\" height=\"153\"\/><\/figure><\/div>\n\n\n\n<p class=\"has-text-color has-background has-very-dark-gray-color has-very-light-gray-background-color\"><em>Antonio Quiroz, es historiador del arte, apasionado de las lenguas, las letras y la filosof\u00eda. Pol\u00edglota en potencia, recolector de recuerdos, cocinero de cl\u00f3set y God\u00ednez de 9 am a 5 pm.<\/em>\u00a0<em>S\u00edguelo en su cuenta\u00a0<\/em><a rel=\"noreferrer noopener\" href=\"https:\/\/twitter.com\/TonisQuiroz\" target=\"_blank\"><em>twitter<\/em><\/a><em>\u00a0e\u00a0<\/em><a rel=\"noreferrer noopener\" href=\"https:\/\/www.instagram.com\/antonioqm87\/\" target=\"_blank\"><em>instagram.<\/em><\/a><\/p>\n\n\n\n<p><\/p>\n","protected":false},"excerpt":{"rendered":"<p>El revuelo que ha causado una peque\u00f1a pintura estos \u00faltimos d\u00edas en M\u00e9xico, nos regala un vistazo de c\u00f3mo aquello que de alguna forma se piensa superado a nivel social, pol\u00edtico y art\u00edstico, siempre retorna a nosotros de diversas maneras. La obra titulada&nbsp;La revoluci\u00f3n&nbsp;del artista chiapaneco Fabi\u00e1n Ch\u00e1irez, expuesta en el Museo del Palacio de [&hellip;]<\/p>\n","protected":false},"author":1,"featured_media":1502,"comment_status":"open","ping_status":"closed","sticky":false,"template":"","format":"standard","meta":{"footnotes":""},"categories":[15,10],"tags":[],"_links":{"self":[{"href":"https:\/\/indasocial.com\/INDA\/wp-json\/wp\/v2\/posts\/1503"}],"collection":[{"href":"https:\/\/indasocial.com\/INDA\/wp-json\/wp\/v2\/posts"}],"about":[{"href":"https:\/\/indasocial.com\/INDA\/wp-json\/wp\/v2\/types\/post"}],"author":[{"embeddable":true,"href":"https:\/\/indasocial.com\/INDA\/wp-json\/wp\/v2\/users\/1"}],"replies":[{"embeddable":true,"href":"https:\/\/indasocial.com\/INDA\/wp-json\/wp\/v2\/comments?post=1503"}],"version-history":[{"count":3,"href":"https:\/\/indasocial.com\/INDA\/wp-json\/wp\/v2\/posts\/1503\/revisions"}],"predecessor-version":[{"id":1507,"href":"https:\/\/indasocial.com\/INDA\/wp-json\/wp\/v2\/posts\/1503\/revisions\/1507"}],"wp:featuredmedia":[{"embeddable":true,"href":"https:\/\/indasocial.com\/INDA\/wp-json\/wp\/v2\/media\/1502"}],"wp:attachment":[{"href":"https:\/\/indasocial.com\/INDA\/wp-json\/wp\/v2\/media?parent=1503"}],"wp:term":[{"taxonomy":"category","embeddable":true,"href":"https:\/\/indasocial.com\/INDA\/wp-json\/wp\/v2\/categories?post=1503"},{"taxonomy":"post_tag","embeddable":true,"href":"https:\/\/indasocial.com\/INDA\/wp-json\/wp\/v2\/tags?post=1503"}],"curies":[{"name":"wp","href":"https:\/\/api.w.org\/{rel}","templated":true}]}}