{"id":1351,"date":"2019-11-12T20:21:10","date_gmt":"2019-11-12T20:21:10","guid":{"rendered":"https:\/\/indasocial.com\/INDA\/?p=1351"},"modified":"2019-11-12T22:57:24","modified_gmt":"2019-11-12T22:57:24","slug":"thecure-mx","status":"publish","type":"post","link":"https:\/\/indasocial.com\/INDA\/2019\/11\/12\/thecure-mx\/","title":{"rendered":"3 Chicos imaginarios: El nost\u00e1lgico regreso de The Cure a M\u00e9xico."},"content":{"rendered":"\n<p class=\"has-text-color has-very-dark-gray-color\">Los a\u00f1os pueden pasar en un abrir y cerrar de ojos o ser toda una eternidad. Desde hace 40 a\u00f1os <strong><a rel=\"noreferrer noopener\" aria-label=\"The Cure (abre en una nueva pesta\u00f1a)\" href=\"https:\/\/es.wikipedia.org\/wiki\/The_Cure\" target=\"_blank\">The Cure<\/a><\/strong> es una banda ic\u00f3nica y reconocida mundialmente por su calidad musical, que logr\u00f3 posicionarse en un nivel semejante a otras bandas como&nbsp;<em>The Beatles, Rolling Stones o Queen<\/em>, luego de recorrer un largo camino entre penumbras de la cultura pop.&nbsp;<\/p>\n\n\n\n<p class=\"has-text-color has-very-dark-gray-color\">El movimiento post-punk g\u00f3tico de finales de los a\u00f1os 70, origin\u00f3 la banda de&nbsp;<strong>Tres chicos imaginarios<\/strong> como integrantes creativos, una de las m\u00e1s representativas de esta corriente. Los fans de <strong><a href=\"https:\/\/es.wikipedia.org\/wiki\/The_Cure\" target=\"_blank\" rel=\"noreferrer noopener\" aria-label=\" (abre en una nueva pesta\u00f1a)\">The Cure<\/a><\/strong> se mostraron euf\u00f3ricos por la anunciada visita de Robert Smith y el evento tuvo <strong><em>SOLD OUT<\/em><\/strong> tan solo dos d\u00edas despu\u00e9s de que los boletos salieran a la venta.&nbsp;<\/p>\n\n\n\n<div class=\"wp-block-image\"><figure class=\"aligncenter is-resized\"><img loading=\"lazy\" decoding=\"async\" src=\"https:\/\/indasocial.com\/INDA\/wp-content\/uploads\/2019\/11\/Captura-de-pantalla-2019-11-12-a-las-14.02.28.png\" alt=\"\" class=\"wp-image-1353\" width=\"632\" height=\"422\" srcset=\"https:\/\/indasocial.com\/INDA\/wp-content\/uploads\/2019\/11\/Captura-de-pantalla-2019-11-12-a-las-14.02.28.png 763w, https:\/\/indasocial.com\/INDA\/wp-content\/uploads\/2019\/11\/Captura-de-pantalla-2019-11-12-a-las-14.02.28-600x401.png 600w, https:\/\/indasocial.com\/INDA\/wp-content\/uploads\/2019\/11\/Captura-de-pantalla-2019-11-12-a-las-14.02.28-320x214.png 320w, https:\/\/indasocial.com\/INDA\/wp-content\/uploads\/2019\/11\/Captura-de-pantalla-2019-11-12-a-las-14.02.28-560x374.png 560w\" sizes=\"(max-width: 632px) 100vw, 632px\" \/><\/figure><\/div>\n\n\n\n<div class=\"wp-block-image\"><figure class=\"aligncenter is-resized\"><img loading=\"lazy\" decoding=\"async\" src=\"https:\/\/indasocial.com\/INDA\/wp-content\/uploads\/2019\/11\/Captura-de-pantalla-2019-11-12-a-las-14.02.41.png\" alt=\"\" class=\"wp-image-1354\" width=\"634\" height=\"422\" srcset=\"https:\/\/indasocial.com\/INDA\/wp-content\/uploads\/2019\/11\/Captura-de-pantalla-2019-11-12-a-las-14.02.41.png 766w, https:\/\/indasocial.com\/INDA\/wp-content\/uploads\/2019\/11\/Captura-de-pantalla-2019-11-12-a-las-14.02.41-600x399.png 600w, https:\/\/indasocial.com\/INDA\/wp-content\/uploads\/2019\/11\/Captura-de-pantalla-2019-11-12-a-las-14.02.41-320x213.png 320w, https:\/\/indasocial.com\/INDA\/wp-content\/uploads\/2019\/11\/Captura-de-pantalla-2019-11-12-a-las-14.02.41-560x373.png 560w\" sizes=\"(max-width: 634px) 100vw, 634px\" \/><figcaption><a rel=\"noreferrer noopener\" href=\"https:\/\/www.flickr.com\/photos\/lesserwiener\/\" target=\"_blank\">Annie Lesser<\/a><\/figcaption><\/figure><\/div>\n\n\n\n<p class=\"has-text-color has-very-dark-gray-color\">El grupo festej\u00f3 sus cuarenta a\u00f1os de carrera con audiencia mexicana y nos ense\u00f1\u00f3 que no se necesita una gran producci\u00f3n, con luces laser, o incre\u00edbles efectos especiales en el escenario, para hacer vibrar de emoci\u00f3n a los asistentes que acudieron con la euforia de celebrar junto a su banda favorita un recorrido por sus mejores canciones. El \u00fanico d\u00eda de concierto en el cielo se pintaban algunas nubes oscuras y el fr\u00edo se hac\u00eda cada vez m\u00e1s intenso, calando en los huesos de la gente, quienes para distraerse de la espera bailaron al ritmo de <em>Rey Pila o Violet Vendetat<\/em>. Mientras que las dos primeras bandas que abrieron el tel\u00f3n se esforzaron por mantener los \u00e1nimos en alto.&nbsp;<\/p>\n\n\n\n<p class=\"has-text-color has-very-dark-gray-color\">La \u00faltima presentaci\u00f3n de <a rel=\"noreferrer noopener\" aria-label=\"The Cure  (abre en una nueva pesta\u00f1a)\" href=\"https:\/\/es.wikipedia.org\/wiki\/The_Cure\" target=\"_blank\">The Cure <\/a>en el pa\u00eds fue seis a\u00f1os antes de esta, por lo tanto el ambiente era muy emotivo, un sentimiento que aument\u00f3 tras los primeros acorde de <em>Pictures Of You<\/em>, melod\u00eda nost\u00e1lgica y m\u00e1gica que abri\u00f3 paso a la serie de canciones inolvidables en la discograf\u00eda de la banda.&nbsp;<\/p>\n\n\n\n<div class=\"wp-block-image\"><figure class=\"aligncenter is-resized\"><img loading=\"lazy\" decoding=\"async\" src=\"https:\/\/indasocial.com\/INDA\/wp-content\/uploads\/2019\/11\/Captura-de-pantalla-2019-11-12-a-las-14.01.03.png\" alt=\"\" class=\"wp-image-1352\" width=\"636\" height=\"493\" srcset=\"https:\/\/indasocial.com\/INDA\/wp-content\/uploads\/2019\/11\/Captura-de-pantalla-2019-11-12-a-las-14.01.03.png 657w, https:\/\/indasocial.com\/INDA\/wp-content\/uploads\/2019\/11\/Captura-de-pantalla-2019-11-12-a-las-14.01.03-600x466.png 600w, https:\/\/indasocial.com\/INDA\/wp-content\/uploads\/2019\/11\/Captura-de-pantalla-2019-11-12-a-las-14.01.03-320x248.png 320w, https:\/\/indasocial.com\/INDA\/wp-content\/uploads\/2019\/11\/Captura-de-pantalla-2019-11-12-a-las-14.01.03-560x435.png 560w\" sizes=\"(max-width: 636px) 100vw, 636px\" \/><figcaption><a rel=\"noreferrer noopener\" href=\"https:\/\/www.flickr.com\/photos\/lesserwiener\/\" target=\"_blank\">Annie Lesser<\/a><\/figcaption><\/figure><\/div>\n\n\n\n<p class=\"has-text-color has-very-dark-gray-color\">La banda se present\u00f3 con <em>Roger O`Donell<\/em> quien apareci\u00f3 en el escenario y tom\u00f3 posici\u00f3n en el teclado, luego <em>Sim\u00f3n Gallup<\/em> con el bajo, <em>Jason Cooper<\/em> en el fondo junto a <em>Reves Gabrel<\/em>, y al ritmo de <em><strong>Plainsong<\/strong><\/em> le abrieron paso a <em>Robert Smith<\/em>, qui\u00e9n fue recibido por gritos y chiflidos de todos los presentes, emocionados por escuchar las primeras notas de esa canci\u00f3n tan poderosa.&nbsp;<\/p>\n\n\n\n<p class=\"has-text-color has-very-dark-gray-color\">Durante todo el concierto la gente bail\u00f3 y cant\u00f3 todos los temas m\u00e1s famosos como <em>Lovesong<\/em> \u00f3 <em>Just Like Heaven<\/em> as\u00ed como algunas otras m\u00e1s oscuras como <em>Bum<\/em>, la primera canci\u00f3n que sali\u00f3 como <em>B side, \u00f3 39,<\/em> incluida en uno de los discos no tan celebrados por los fans de la banda; siguieron temas como <em>Never enough, A forest, Prayers for rain y Disintegration<\/em>, como parte del primer set.<strong>\u00a0The Cure<\/strong> qui\u00e9n recientemente fue invitado a formar parte del sal\u00f3n de la fama del rock and roll, se lanz\u00f3 con un segundo set de canciones inspiradas para volarnos la cabeza desde las primeras notas de<em> Lullaby<\/em>, donde los integrantes dejaron entrever su calidad musical, seguida por <em>The Caterpillar<\/em>, una canci\u00f3n m\u00e1s alegre y <em>Hot hot hot!<\/em> para que nadie dejar\u00e1 de bailar.\u00a0<\/p>\n\n\n\n<div class=\"wp-block-image\"><figure class=\"aligncenter is-resized\"><img loading=\"lazy\" decoding=\"async\" src=\"https:\/\/indasocial.com\/INDA\/wp-content\/uploads\/2019\/11\/Captura-de-pantalla-2019-11-12-a-las-14.04.40.png\" alt=\"\" class=\"wp-image-1355\" width=\"636\" height=\"416\" srcset=\"https:\/\/indasocial.com\/INDA\/wp-content\/uploads\/2019\/11\/Captura-de-pantalla-2019-11-12-a-las-14.04.40.png 767w, https:\/\/indasocial.com\/INDA\/wp-content\/uploads\/2019\/11\/Captura-de-pantalla-2019-11-12-a-las-14.04.40-600x393.png 600w, https:\/\/indasocial.com\/INDA\/wp-content\/uploads\/2019\/11\/Captura-de-pantalla-2019-11-12-a-las-14.04.40-320x210.png 320w, https:\/\/indasocial.com\/INDA\/wp-content\/uploads\/2019\/11\/Captura-de-pantalla-2019-11-12-a-las-14.04.40-560x367.png 560w\" sizes=\"(max-width: 636px) 100vw, 636px\" \/><figcaption><a href=\"https:\/\/www.flickr.com\/photos\/landerkranke\/\" target=\"_blank\" rel=\"noreferrer noopener\" aria-label=\"Alan Kerloc\u00b4h (abre en una nueva pesta\u00f1a)\">Alan Kerloc\u00b4h<\/a><\/figcaption><\/figure><\/div>\n\n\n\n<p class=\"has-text-color has-very-dark-gray-color\">El anuncio del regreso de la banda a M\u00e9xico el siguiente a\u00f1o fue dado por <em>Robert Smith <\/em>qui\u00e9n ataviado detr\u00e1s de maquillaje y labial rojo, de sonrisa enorme, adelant\u00f3 la salida de dos nuevos \u00e1lbumes luego de ofrecer un concierto de treinta y seis temas con una duraci\u00f3n de casi tres horas, que estuvo cerca de<em><strong> romper el r\u00e9cord de su show m\u00e1s largo<\/strong><\/em>.&nbsp;<\/p>\n\n\n\n<p class=\"has-text-color has-very-dark-gray-color\"><strong><a href=\"https:\/\/es.wikipedia.org\/wiki\/The_Cure\" target=\"_blank\" rel=\"noreferrer noopener\" aria-label=\"The Cure (abre en una nueva pesta\u00f1a)\">The Cure<\/a><\/strong> nos regal\u00f3 uno de los mejores conciertos del a\u00f1o gracias una ampl\u00edsima selecci\u00f3n de canciones y la demostraci\u00f3n de que si bien el tiempo hace estragos f\u00edsicamente,&nbsp;&nbsp;el alma y las ganas de tocar frente a su p\u00fablico, del verdadero artista, siempre se mantendr\u00e1n j\u00f3venes.&nbsp;<\/p>\n\n\n\n<div class=\"wp-block-image\"><figure class=\"alignleft is-resized\"><img loading=\"lazy\" decoding=\"async\" src=\"https:\/\/indasocial.com\/INDA\/wp-content\/uploads\/2019\/09\/11893841_10207131093173704_1756295410709026197_o-1160x1160.jpg\" alt=\"\" class=\"wp-image-1188\" width=\"188\" height=\"188\" srcset=\"https:\/\/indasocial.com\/INDA\/wp-content\/uploads\/2019\/09\/11893841_10207131093173704_1756295410709026197_o-1160x1160.jpg 1160w, https:\/\/indasocial.com\/INDA\/wp-content\/uploads\/2019\/09\/11893841_10207131093173704_1756295410709026197_o-300x300.jpg 300w, https:\/\/indasocial.com\/INDA\/wp-content\/uploads\/2019\/09\/11893841_10207131093173704_1756295410709026197_o-100x100.jpg 100w, https:\/\/indasocial.com\/INDA\/wp-content\/uploads\/2019\/09\/11893841_10207131093173704_1756295410709026197_o-600x600.jpg 600w, https:\/\/indasocial.com\/INDA\/wp-content\/uploads\/2019\/09\/11893841_10207131093173704_1756295410709026197_o-800x800.jpg 800w, https:\/\/indasocial.com\/INDA\/wp-content\/uploads\/2019\/09\/11893841_10207131093173704_1756295410709026197_o-80x80.jpg 80w, https:\/\/indasocial.com\/INDA\/wp-content\/uploads\/2019\/09\/11893841_10207131093173704_1756295410709026197_o-320x320.jpg 320w, https:\/\/indasocial.com\/INDA\/wp-content\/uploads\/2019\/09\/11893841_10207131093173704_1756295410709026197_o-560x560.jpg 560w, https:\/\/indasocial.com\/INDA\/wp-content\/uploads\/2019\/09\/11893841_10207131093173704_1756295410709026197_o-90x90.jpg 90w, https:\/\/indasocial.com\/INDA\/wp-content\/uploads\/2019\/09\/11893841_10207131093173704_1756295410709026197_o.jpg 1371w\" sizes=\"(max-width: 188px) 100vw, 188px\" \/><\/figure><\/div>\n\n\n\n<p style=\"text-align:left\" class=\"has-text-color has-background has-very-dark-gray-color has-very-light-gray-background-color\"><em>H\u00e9ctor Aparicio, es<\/em> <em>Dise\u00f1ador Gr\u00e1fico egresado de la Universidad Tecnol\u00f3gica de M\u00e9xico. Actualmente Motion Grapher y dise\u00f1ador Multimedia. Gamer de hueso colorado; m\u00fasico y amante de los gatos<\/em>. <em>S\u00edguelo en su cuenta <a rel=\"noreferrer noopener\" href=\"https:\/\/twitter.com\/honnun_gc\" target=\"_blank\">twitter<\/a> e <a rel=\"noreferrer noopener\" href=\"https:\/\/www.instagram.com\/beta_pictoris\/\" target=\"_blank\">instagram<\/a>.<\/em><\/p>\n","protected":false},"excerpt":{"rendered":"<p>Los a\u00f1os pueden pasar en un abrir y cerrar de ojos o ser toda una eternidad. Desde hace 40 a\u00f1os The Cure es una banda ic\u00f3nica y reconocida mundialmente por su calidad musical, que logr\u00f3 posicionarse en un nivel semejante a otras bandas como&nbsp;The Beatles, Rolling Stones o Queen, luego de recorrer un largo camino [&hellip;]<\/p>\n","protected":false},"author":1,"featured_media":1352,"comment_status":"open","ping_status":"closed","sticky":false,"template":"","format":"standard","meta":{"footnotes":""},"categories":[15,10],"tags":[],"_links":{"self":[{"href":"https:\/\/indasocial.com\/INDA\/wp-json\/wp\/v2\/posts\/1351"}],"collection":[{"href":"https:\/\/indasocial.com\/INDA\/wp-json\/wp\/v2\/posts"}],"about":[{"href":"https:\/\/indasocial.com\/INDA\/wp-json\/wp\/v2\/types\/post"}],"author":[{"embeddable":true,"href":"https:\/\/indasocial.com\/INDA\/wp-json\/wp\/v2\/users\/1"}],"replies":[{"embeddable":true,"href":"https:\/\/indasocial.com\/INDA\/wp-json\/wp\/v2\/comments?post=1351"}],"version-history":[{"count":6,"href":"https:\/\/indasocial.com\/INDA\/wp-json\/wp\/v2\/posts\/1351\/revisions"}],"predecessor-version":[{"id":1361,"href":"https:\/\/indasocial.com\/INDA\/wp-json\/wp\/v2\/posts\/1351\/revisions\/1361"}],"wp:featuredmedia":[{"embeddable":true,"href":"https:\/\/indasocial.com\/INDA\/wp-json\/wp\/v2\/media\/1352"}],"wp:attachment":[{"href":"https:\/\/indasocial.com\/INDA\/wp-json\/wp\/v2\/media?parent=1351"}],"wp:term":[{"taxonomy":"category","embeddable":true,"href":"https:\/\/indasocial.com\/INDA\/wp-json\/wp\/v2\/categories?post=1351"},{"taxonomy":"post_tag","embeddable":true,"href":"https:\/\/indasocial.com\/INDA\/wp-json\/wp\/v2\/tags?post=1351"}],"curies":[{"name":"wp","href":"https:\/\/api.w.org\/{rel}","templated":true}]}}