{"id":1318,"date":"2019-11-07T14:56:30","date_gmt":"2019-11-07T14:56:30","guid":{"rendered":"https:\/\/indasocial.com\/INDA\/?p=1318"},"modified":"2024-03-10T21:59:24","modified_gmt":"2024-03-10T21:59:24","slug":"f-a-m-a","status":"publish","type":"post","link":"https:\/\/indasocial.com\/INDA\/2019\/11\/07\/f-a-m-a\/","title":{"rendered":"F-A-M-A: Feria de arte mexicano accesible."},"content":{"rendered":"\n<div class=\"wp-block-image\"><figure class=\"aligncenter is-resized\"><img loading=\"lazy\" decoding=\"async\" src=\"https:\/\/indasocial.com\/INDA\/wp-content\/uploads\/2019\/11\/FAMA_2018_75-1160x774.jpg\" alt=\"\" class=\"wp-image-1332\" width=\"632\" height=\"422\" srcset=\"https:\/\/indasocial.com\/INDA\/wp-content\/uploads\/2019\/11\/FAMA_2018_75-1160x774.jpg 1160w, https:\/\/indasocial.com\/INDA\/wp-content\/uploads\/2019\/11\/FAMA_2018_75-600x400.jpg 600w, https:\/\/indasocial.com\/INDA\/wp-content\/uploads\/2019\/11\/FAMA_2018_75-800x534.jpg 800w, https:\/\/indasocial.com\/INDA\/wp-content\/uploads\/2019\/11\/FAMA_2018_75-320x213.jpg 320w, https:\/\/indasocial.com\/INDA\/wp-content\/uploads\/2019\/11\/FAMA_2018_75-560x373.jpg 560w, https:\/\/indasocial.com\/INDA\/wp-content\/uploads\/2019\/11\/FAMA_2018_75.jpg 1534w\" sizes=\"(max-width: 632px) 100vw, 632px\" \/><figcaption><a rel=\"noreferrer noopener\" aria-label=\"F-A-M-A (abre en una nueva pesta\u00f1a)\" href=\"https:\/\/www.f-a-m-a.com\/\" target=\"_blank\">F-A-M-A<\/a><\/figcaption><\/figure><\/div>\n\n\n\n<p class=\"has-text-color has-very-dark-gray-color\"><a rel=\"noreferrer noopener\" aria-label=\" (abre en una nueva pesta\u00f1a)\" href=\"https:\/\/www.f-a-m-a.com\/\" target=\"_blank\"><strong>F-A-M-A<\/strong><\/a><strong> <\/strong>es la primera feria de arte accesible en el norte de nuestro pa\u00eds <em>(Monterrey)<\/em>, organizada por Catalina Escamilla, Rodrigo Odriozola y el estudio <strong>Monumento<\/strong>. Es una plataforma de promoci\u00f3n y difusi\u00f3n para artistas de todo tipo de disciplina sin importar trayectoria, edad, g\u00e9nero u origen. Incentiva la creaci\u00f3n de nexos e intercambio entre profesionales, artistas y p\u00fablico en general a trav\u00e9s del di\u00e1logo y la interacci\u00f3n directa. <\/p>\n\n\n\n<ul class=\"wp-block-gallery columns-2 is-cropped wp-block-gallery-1 is-layout-flex wp-block-gallery-is-layout-flex\"><li class=\"blocks-gallery-item\"><figure><img loading=\"lazy\" decoding=\"async\" width=\"1160\" height=\"773\" src=\"https:\/\/indasocial.com\/INDA\/wp-content\/uploads\/2019\/11\/FAMA_2018_26-1160x773.jpg\" alt=\"\" data-id=\"1323\" data-link=\"https:\/\/indasocial.com\/INDA\/fama_2018_26\/\" class=\"wp-image-1323\" srcset=\"https:\/\/indasocial.com\/INDA\/wp-content\/uploads\/2019\/11\/FAMA_2018_26-1160x773.jpg 1160w, https:\/\/indasocial.com\/INDA\/wp-content\/uploads\/2019\/11\/FAMA_2018_26-600x400.jpg 600w, https:\/\/indasocial.com\/INDA\/wp-content\/uploads\/2019\/11\/FAMA_2018_26-800x533.jpg 800w, https:\/\/indasocial.com\/INDA\/wp-content\/uploads\/2019\/11\/FAMA_2018_26-320x213.jpg 320w, https:\/\/indasocial.com\/INDA\/wp-content\/uploads\/2019\/11\/FAMA_2018_26-560x373.jpg 560w, https:\/\/indasocial.com\/INDA\/wp-content\/uploads\/2019\/11\/FAMA_2018_26.jpg 1642w\" sizes=\"(max-width: 1160px) 100vw, 1160px\" \/><\/figure><\/li><li class=\"blocks-gallery-item\"><figure><img loading=\"lazy\" decoding=\"async\" width=\"1160\" height=\"773\" src=\"https:\/\/indasocial.com\/INDA\/wp-content\/uploads\/2019\/11\/FAMA_2018_16-1160x773.jpg\" alt=\"\" data-id=\"1321\" data-link=\"https:\/\/indasocial.com\/INDA\/fama_2018_16\/\" class=\"wp-image-1321\" srcset=\"https:\/\/indasocial.com\/INDA\/wp-content\/uploads\/2019\/11\/FAMA_2018_16-1160x773.jpg 1160w, https:\/\/indasocial.com\/INDA\/wp-content\/uploads\/2019\/11\/FAMA_2018_16-600x400.jpg 600w, https:\/\/indasocial.com\/INDA\/wp-content\/uploads\/2019\/11\/FAMA_2018_16-800x533.jpg 800w, https:\/\/indasocial.com\/INDA\/wp-content\/uploads\/2019\/11\/FAMA_2018_16-320x213.jpg 320w, https:\/\/indasocial.com\/INDA\/wp-content\/uploads\/2019\/11\/FAMA_2018_16-560x373.jpg 560w, https:\/\/indasocial.com\/INDA\/wp-content\/uploads\/2019\/11\/FAMA_2018_16.jpg 1642w\" sizes=\"(max-width: 1160px) 100vw, 1160px\" \/><\/figure><\/li><\/ul>\n\n\n\n<ul class=\"wp-block-gallery columns-2 is-cropped wp-block-gallery-2 is-layout-flex wp-block-gallery-is-layout-flex\"><li class=\"blocks-gallery-item\"><figure><img loading=\"lazy\" decoding=\"async\" width=\"1160\" height=\"773\" src=\"https:\/\/indasocial.com\/INDA\/wp-content\/uploads\/2019\/11\/FAMA_2018_5-1160x773.jpg\" alt=\"\" data-id=\"1320\" data-link=\"https:\/\/indasocial.com\/INDA\/fama_2018_5\/\" class=\"wp-image-1320\" srcset=\"https:\/\/indasocial.com\/INDA\/wp-content\/uploads\/2019\/11\/FAMA_2018_5-1160x773.jpg 1160w, https:\/\/indasocial.com\/INDA\/wp-content\/uploads\/2019\/11\/FAMA_2018_5-600x400.jpg 600w, https:\/\/indasocial.com\/INDA\/wp-content\/uploads\/2019\/11\/FAMA_2018_5-800x533.jpg 800w, https:\/\/indasocial.com\/INDA\/wp-content\/uploads\/2019\/11\/FAMA_2018_5-320x213.jpg 320w, https:\/\/indasocial.com\/INDA\/wp-content\/uploads\/2019\/11\/FAMA_2018_5-560x373.jpg 560w, https:\/\/indasocial.com\/INDA\/wp-content\/uploads\/2019\/11\/FAMA_2018_5.jpg 1642w\" sizes=\"(max-width: 1160px) 100vw, 1160px\" \/><\/figure><\/li><li class=\"blocks-gallery-item\"><figure><img loading=\"lazy\" decoding=\"async\" width=\"1094\" height=\"1642\" src=\"https:\/\/indasocial.com\/INDA\/wp-content\/uploads\/2019\/11\/FAMA_2018_3.jpg\" alt=\"\" data-id=\"1319\" data-link=\"https:\/\/indasocial.com\/INDA\/fama_2018_3\/\" class=\"wp-image-1319\" srcset=\"https:\/\/indasocial.com\/INDA\/wp-content\/uploads\/2019\/11\/FAMA_2018_3.jpg 1094w, https:\/\/indasocial.com\/INDA\/wp-content\/uploads\/2019\/11\/FAMA_2018_3-600x901.jpg 600w, https:\/\/indasocial.com\/INDA\/wp-content\/uploads\/2019\/11\/FAMA_2018_3-800x1201.jpg 800w, https:\/\/indasocial.com\/INDA\/wp-content\/uploads\/2019\/11\/FAMA_2018_3-320x480.jpg 320w, https:\/\/indasocial.com\/INDA\/wp-content\/uploads\/2019\/11\/FAMA_2018_3-560x841.jpg 560w\" sizes=\"(max-width: 1094px) 100vw, 1094px\" \/><\/figure><\/li><\/ul>\n\n\n\n<blockquote class=\"wp-block-quote\"><p><strong>F-A-M-A<\/strong> impulsa&nbsp; la comercializaci\u00f3n de arte promoviendo el coleccionismo entre nuevas generaciones en un esquema de comercio justo: No cobra al artista por exhibir sino s\u00f3lo a partir de una venta generada.<\/p><\/blockquote>\n\n\n\n<div class=\"wp-block-image\"><figure class=\"aligncenter\"><img loading=\"lazy\" decoding=\"async\" width=\"1160\" height=\"773\" src=\"https:\/\/indasocial.com\/INDA\/wp-content\/uploads\/2019\/11\/FAMA_2018_73-1160x773.jpg\" alt=\"\" class=\"wp-image-1331\" srcset=\"https:\/\/indasocial.com\/INDA\/wp-content\/uploads\/2019\/11\/FAMA_2018_73-1160x773.jpg 1160w, https:\/\/indasocial.com\/INDA\/wp-content\/uploads\/2019\/11\/FAMA_2018_73-600x400.jpg 600w, https:\/\/indasocial.com\/INDA\/wp-content\/uploads\/2019\/11\/FAMA_2018_73-800x533.jpg 800w, https:\/\/indasocial.com\/INDA\/wp-content\/uploads\/2019\/11\/FAMA_2018_73-320x213.jpg 320w, https:\/\/indasocial.com\/INDA\/wp-content\/uploads\/2019\/11\/FAMA_2018_73-560x373.jpg 560w, https:\/\/indasocial.com\/INDA\/wp-content\/uploads\/2019\/11\/FAMA_2018_73.jpg 1565w\" sizes=\"(max-width: 1160px) 100vw, 1160px\" \/><figcaption><a href=\"https:\/\/www.f-a-m-a.com\/\" target=\"_blank\" rel=\"noreferrer noopener\" aria-label=\"F-A-M-A (abre en una nueva pesta\u00f1a)\">F-A-M-A<\/a><\/figcaption><\/figure><\/div>\n\n\n\n<p class=\"has-text-color has-very-dark-gray-color\">La feria cuenta tambi\u00e9n con un interesante programa de actividades en colaboraci\u00f3n con diferentes espacios e instituciones: Pl\u00e1ticas especializadas por profesionales del mundo del arte contempor\u00e1neo; una secci\u00f3n de proyectos editoriales gestionada por <a rel=\"noreferrer noopener\" aria-label=\" (abre en una nueva pesta\u00f1a)\" href=\"https:\/\/mas-alla.mx\/\" target=\"_blank\"><strong>M\u00e1s All\u00e1<\/strong><\/a>; una secci\u00f3n para ni\u00f1os y adolescentes en donde se impartir\u00e1n talleres dirigidos por <a rel=\"noreferrer noopener\" aria-label=\" (abre en una nueva pesta\u00f1a)\" href=\"http:\/\/conarte.org.mx\/\" target=\"_blank\"><strong>CONARTE<\/strong><\/a>; una sala de video curada por Eliud Nava del espacio <a rel=\"noreferrer noopener\" aria-label=\" (abre en una nueva pesta\u00f1a)\" href=\"https:\/\/noautomatico.tumblr.com\/Info\" target=\"_blank\"><strong>NoAutom\u00e1tico<\/strong><\/a>, as\u00ed como un programa de m\u00fasica en colaboraci\u00f3n con&nbsp; <a rel=\"noreferrer noopener\" aria-label=\" (abre en una nueva pesta\u00f1a)\" href=\"https:\/\/www.nrmal.net\/\" target=\"_blank\"><strong>NRMAL<\/strong><\/a>, estas \u00faltimas dos actividades realizadas con el apoyo de <strong>KickStarter<\/strong>.<\/p>\n\n\n\n<ul class=\"wp-block-gallery columns-2 is-cropped wp-block-gallery-3 is-layout-flex wp-block-gallery-is-layout-flex\"><li class=\"blocks-gallery-item\"><figure><img loading=\"lazy\" decoding=\"async\" width=\"1094\" height=\"1642\" src=\"https:\/\/indasocial.com\/INDA\/wp-content\/uploads\/2019\/11\/FAMA_2018_47.jpg\" alt=\"\" data-id=\"1325\" data-link=\"https:\/\/indasocial.com\/INDA\/fama_2018_47\/\" class=\"wp-image-1325\" srcset=\"https:\/\/indasocial.com\/INDA\/wp-content\/uploads\/2019\/11\/FAMA_2018_47.jpg 1094w, https:\/\/indasocial.com\/INDA\/wp-content\/uploads\/2019\/11\/FAMA_2018_47-600x901.jpg 600w, https:\/\/indasocial.com\/INDA\/wp-content\/uploads\/2019\/11\/FAMA_2018_47-800x1201.jpg 800w, https:\/\/indasocial.com\/INDA\/wp-content\/uploads\/2019\/11\/FAMA_2018_47-320x480.jpg 320w, https:\/\/indasocial.com\/INDA\/wp-content\/uploads\/2019\/11\/FAMA_2018_47-560x841.jpg 560w\" sizes=\"(max-width: 1094px) 100vw, 1094px\" \/><\/figure><\/li><li class=\"blocks-gallery-item\"><figure><img loading=\"lazy\" decoding=\"async\" width=\"1160\" height=\"773\" src=\"https:\/\/indasocial.com\/INDA\/wp-content\/uploads\/2019\/11\/FAMA_2018_19-1160x773.jpg\" alt=\"\" data-id=\"1322\" data-link=\"https:\/\/indasocial.com\/INDA\/fama_2018_19\/\" class=\"wp-image-1322\" srcset=\"https:\/\/indasocial.com\/INDA\/wp-content\/uploads\/2019\/11\/FAMA_2018_19-1160x773.jpg 1160w, https:\/\/indasocial.com\/INDA\/wp-content\/uploads\/2019\/11\/FAMA_2018_19-600x400.jpg 600w, https:\/\/indasocial.com\/INDA\/wp-content\/uploads\/2019\/11\/FAMA_2018_19-800x533.jpg 800w, https:\/\/indasocial.com\/INDA\/wp-content\/uploads\/2019\/11\/FAMA_2018_19-320x213.jpg 320w, https:\/\/indasocial.com\/INDA\/wp-content\/uploads\/2019\/11\/FAMA_2018_19-560x373.jpg 560w, https:\/\/indasocial.com\/INDA\/wp-content\/uploads\/2019\/11\/FAMA_2018_19.jpg 1642w\" sizes=\"(max-width: 1160px) 100vw, 1160px\" \/><\/figure><\/li><\/ul>\n\n\n\n<p class=\"has-text-color has-very-dark-gray-color\"><strong>F-A-M-A<\/strong> ofrece un acceso directo y personal a un p\u00fablico amplio que busca experiencias aut\u00e9nticas y anhela por conocer m\u00e1s del mundo del arte. <em><strong>M\u00e1s all\u00e1 de ser una feria de arte, se propone como una experiencia de arte<\/strong><\/em>. El proyecto se plantea crecer y evolucionar de manera perpetua, ofreciendo una experiencia profesional, atractiva y vanguardista edici\u00f3n tras edici\u00f3n.<\/p>\n\n\n\n<ul class=\"wp-block-gallery columns-3 is-cropped wp-block-gallery-4 is-layout-flex wp-block-gallery-is-layout-flex\"><li class=\"blocks-gallery-item\"><figure><img loading=\"lazy\" decoding=\"async\" width=\"1094\" height=\"1642\" src=\"https:\/\/indasocial.com\/INDA\/wp-content\/uploads\/2019\/11\/FAMA_2018_54.jpg\" alt=\"\" data-id=\"1326\" data-link=\"https:\/\/indasocial.com\/INDA\/fama_2018_54\/\" class=\"wp-image-1326\" srcset=\"https:\/\/indasocial.com\/INDA\/wp-content\/uploads\/2019\/11\/FAMA_2018_54.jpg 1094w, https:\/\/indasocial.com\/INDA\/wp-content\/uploads\/2019\/11\/FAMA_2018_54-600x901.jpg 600w, https:\/\/indasocial.com\/INDA\/wp-content\/uploads\/2019\/11\/FAMA_2018_54-800x1201.jpg 800w, https:\/\/indasocial.com\/INDA\/wp-content\/uploads\/2019\/11\/FAMA_2018_54-320x480.jpg 320w, https:\/\/indasocial.com\/INDA\/wp-content\/uploads\/2019\/11\/FAMA_2018_54-560x841.jpg 560w\" sizes=\"(max-width: 1094px) 100vw, 1094px\" \/><\/figure><\/li><li class=\"blocks-gallery-item\"><figure><img loading=\"lazy\" decoding=\"async\" width=\"1094\" height=\"1642\" src=\"https:\/\/indasocial.com\/INDA\/wp-content\/uploads\/2019\/11\/FAMA_2018_70.jpg\" alt=\"\" data-id=\"1330\" data-link=\"https:\/\/indasocial.com\/INDA\/fama_2018_70\/\" class=\"wp-image-1330\" srcset=\"https:\/\/indasocial.com\/INDA\/wp-content\/uploads\/2019\/11\/FAMA_2018_70.jpg 1094w, https:\/\/indasocial.com\/INDA\/wp-content\/uploads\/2019\/11\/FAMA_2018_70-600x901.jpg 600w, https:\/\/indasocial.com\/INDA\/wp-content\/uploads\/2019\/11\/FAMA_2018_70-800x1201.jpg 800w, https:\/\/indasocial.com\/INDA\/wp-content\/uploads\/2019\/11\/FAMA_2018_70-320x480.jpg 320w, https:\/\/indasocial.com\/INDA\/wp-content\/uploads\/2019\/11\/FAMA_2018_70-560x841.jpg 560w\" sizes=\"(max-width: 1094px) 100vw, 1094px\" \/><\/figure><\/li><li class=\"blocks-gallery-item\"><figure><img loading=\"lazy\" decoding=\"async\" width=\"1052\" height=\"1578\" src=\"https:\/\/indasocial.com\/INDA\/wp-content\/uploads\/2019\/11\/FAMA_2018_89.jpg\" alt=\"\" data-id=\"1333\" data-link=\"https:\/\/indasocial.com\/INDA\/fama_2018_89\/\" class=\"wp-image-1333\" srcset=\"https:\/\/indasocial.com\/INDA\/wp-content\/uploads\/2019\/11\/FAMA_2018_89.jpg 1052w, https:\/\/indasocial.com\/INDA\/wp-content\/uploads\/2019\/11\/FAMA_2018_89-600x900.jpg 600w, https:\/\/indasocial.com\/INDA\/wp-content\/uploads\/2019\/11\/FAMA_2018_89-800x1200.jpg 800w, https:\/\/indasocial.com\/INDA\/wp-content\/uploads\/2019\/11\/FAMA_2018_89-320x480.jpg 320w, https:\/\/indasocial.com\/INDA\/wp-content\/uploads\/2019\/11\/FAMA_2018_89-560x840.jpg 560w\" sizes=\"(max-width: 1052px) 100vw, 1052px\" \/><\/figure><\/li><li class=\"blocks-gallery-item\"><figure><img loading=\"lazy\" decoding=\"async\" width=\"1008\" height=\"1513\" src=\"https:\/\/indasocial.com\/INDA\/wp-content\/uploads\/2019\/11\/FAMA_2018_57.jpg\" alt=\"\" data-id=\"1328\" data-link=\"https:\/\/indasocial.com\/INDA\/fama_2018_57\/\" class=\"wp-image-1328\" srcset=\"https:\/\/indasocial.com\/INDA\/wp-content\/uploads\/2019\/11\/FAMA_2018_57.jpg 1008w, https:\/\/indasocial.com\/INDA\/wp-content\/uploads\/2019\/11\/FAMA_2018_57-600x901.jpg 600w, https:\/\/indasocial.com\/INDA\/wp-content\/uploads\/2019\/11\/FAMA_2018_57-800x1201.jpg 800w, https:\/\/indasocial.com\/INDA\/wp-content\/uploads\/2019\/11\/FAMA_2018_57-320x480.jpg 320w, https:\/\/indasocial.com\/INDA\/wp-content\/uploads\/2019\/11\/FAMA_2018_57-560x841.jpg 560w\" sizes=\"(max-width: 1008px) 100vw, 1008px\" \/><\/figure><\/li><\/ul>\n\n\n\n<p class=\"has-text-color has-very-dark-gray-color\"><strong>F-A-M-A<\/strong> ofrece di\u00e1logos relacionados con la industria del arte, brindando pl\u00e1ticas y talleres dirigidos a todo tipo de p\u00fablico. La feria est\u00e1 enfocada en M\u00e9xico y Latinoam\u00e9rica, buscando aportar al crecimiento de la industria del arte y la validaci\u00f3n del artista como profesi\u00f3n dentro de nuestro pa\u00eds. <\/p>\n\n\n\n<ul class=\"wp-block-gallery columns-2 is-cropped wp-block-gallery-5 is-layout-flex wp-block-gallery-is-layout-flex\"><li class=\"blocks-gallery-item\"><figure><img loading=\"lazy\" decoding=\"async\" width=\"1094\" height=\"1642\" src=\"https:\/\/indasocial.com\/INDA\/wp-content\/uploads\/2019\/11\/FAMA_2018_63.jpg\" alt=\"\" data-id=\"1329\" data-link=\"https:\/\/indasocial.com\/INDA\/fama_2018_63\/\" class=\"wp-image-1329\" srcset=\"https:\/\/indasocial.com\/INDA\/wp-content\/uploads\/2019\/11\/FAMA_2018_63.jpg 1094w, https:\/\/indasocial.com\/INDA\/wp-content\/uploads\/2019\/11\/FAMA_2018_63-600x901.jpg 600w, https:\/\/indasocial.com\/INDA\/wp-content\/uploads\/2019\/11\/FAMA_2018_63-800x1201.jpg 800w, https:\/\/indasocial.com\/INDA\/wp-content\/uploads\/2019\/11\/FAMA_2018_63-320x480.jpg 320w, https:\/\/indasocial.com\/INDA\/wp-content\/uploads\/2019\/11\/FAMA_2018_63-560x841.jpg 560w\" sizes=\"(max-width: 1094px) 100vw, 1094px\" \/><\/figure><\/li><li class=\"blocks-gallery-item\"><figure><img loading=\"lazy\" decoding=\"async\" width=\"1094\" height=\"1642\" src=\"https:\/\/indasocial.com\/INDA\/wp-content\/uploads\/2019\/11\/FAMA_2018_107.jpg\" alt=\"\" data-id=\"1334\" data-link=\"https:\/\/indasocial.com\/INDA\/fama_2018_107\/\" class=\"wp-image-1334\" srcset=\"https:\/\/indasocial.com\/INDA\/wp-content\/uploads\/2019\/11\/FAMA_2018_107.jpg 1094w, https:\/\/indasocial.com\/INDA\/wp-content\/uploads\/2019\/11\/FAMA_2018_107-600x901.jpg 600w, https:\/\/indasocial.com\/INDA\/wp-content\/uploads\/2019\/11\/FAMA_2018_107-800x1201.jpg 800w, https:\/\/indasocial.com\/INDA\/wp-content\/uploads\/2019\/11\/FAMA_2018_107-320x480.jpg 320w, https:\/\/indasocial.com\/INDA\/wp-content\/uploads\/2019\/11\/FAMA_2018_107-560x841.jpg 560w\" sizes=\"(max-width: 1094px) 100vw, 1094px\" \/><\/figure><\/li><\/ul>\n\n\n\n<p class=\"has-text-color has-very-dark-gray-color\">Puedes visitar su sitio web y enterarte m\u00e1s, sobre lo que depara esta edici\u00f3n 2019.                   <\/p>\n\n\n\n<p class=\"has-text-color has-very-dark-gray-color\">En &#8211;&gt; <a rel=\"noreferrer noopener\" href=\"https:\/\/www.f-a-m-a.com\/\" target=\"_blank\">F-A-M-A<\/a><\/p>\n","protected":false},"excerpt":{"rendered":"<p>F-A-M-A es la primera feria de arte accesible en el norte de nuestro pa\u00eds (Monterrey), organizada por Catalina Escamilla, Rodrigo Odriozola y el estudio Monumento. Es una plataforma de promoci\u00f3n y difusi\u00f3n para artistas de todo tipo de disciplina sin importar trayectoria, edad, g\u00e9nero u origen. Incentiva la creaci\u00f3n de nexos e intercambio entre profesionales, [&hellip;]<\/p>\n","protected":false},"author":1,"featured_media":1338,"comment_status":"open","ping_status":"closed","sticky":false,"template":"","format":"standard","meta":{"footnotes":""},"categories":[736,15,10],"tags":[],"_links":{"self":[{"href":"https:\/\/indasocial.com\/INDA\/wp-json\/wp\/v2\/posts\/1318"}],"collection":[{"href":"https:\/\/indasocial.com\/INDA\/wp-json\/wp\/v2\/posts"}],"about":[{"href":"https:\/\/indasocial.com\/INDA\/wp-json\/wp\/v2\/types\/post"}],"author":[{"embeddable":true,"href":"https:\/\/indasocial.com\/INDA\/wp-json\/wp\/v2\/users\/1"}],"replies":[{"embeddable":true,"href":"https:\/\/indasocial.com\/INDA\/wp-json\/wp\/v2\/comments?post=1318"}],"version-history":[{"count":5,"href":"https:\/\/indasocial.com\/INDA\/wp-json\/wp\/v2\/posts\/1318\/revisions"}],"predecessor-version":[{"id":1344,"href":"https:\/\/indasocial.com\/INDA\/wp-json\/wp\/v2\/posts\/1318\/revisions\/1344"}],"wp:featuredmedia":[{"embeddable":true,"href":"https:\/\/indasocial.com\/INDA\/wp-json\/wp\/v2\/media\/1338"}],"wp:attachment":[{"href":"https:\/\/indasocial.com\/INDA\/wp-json\/wp\/v2\/media?parent=1318"}],"wp:term":[{"taxonomy":"category","embeddable":true,"href":"https:\/\/indasocial.com\/INDA\/wp-json\/wp\/v2\/categories?post=1318"},{"taxonomy":"post_tag","embeddable":true,"href":"https:\/\/indasocial.com\/INDA\/wp-json\/wp\/v2\/tags?post=1318"}],"curies":[{"name":"wp","href":"https:\/\/api.w.org\/{rel}","templated":true}]}}