{"id":1277,"date":"2019-10-26T04:00:27","date_gmt":"2019-10-26T04:00:27","guid":{"rendered":"https:\/\/indasocial.com\/INDA\/?p=1277"},"modified":"2024-03-10T21:59:48","modified_gmt":"2024-03-10T21:59:48","slug":"pkncholula-networking","status":"publish","type":"post","link":"https:\/\/indasocial.com\/INDA\/2019\/10\/26\/pkncholula-networking\/","title":{"rendered":"PKNCHOLULA: Noches de networking y buen cuchicheo."},"content":{"rendered":"\n<figure class=\"wp-block-image\"><img loading=\"lazy\" decoding=\"async\" width=\"1015\" height=\"672\" src=\"https:\/\/indasocial.com\/INDA\/wp-content\/uploads\/2019\/10\/ocho.png\" alt=\"\" class=\"wp-image-1286\" srcset=\"https:\/\/indasocial.com\/INDA\/wp-content\/uploads\/2019\/10\/ocho.png 1015w, https:\/\/indasocial.com\/INDA\/wp-content\/uploads\/2019\/10\/ocho-600x397.png 600w, https:\/\/indasocial.com\/INDA\/wp-content\/uploads\/2019\/10\/ocho-800x530.png 800w, https:\/\/indasocial.com\/INDA\/wp-content\/uploads\/2019\/10\/ocho-320x212.png 320w, https:\/\/indasocial.com\/INDA\/wp-content\/uploads\/2019\/10\/ocho-560x371.png 560w\" sizes=\"(max-width: 1015px) 100vw, 1015px\" \/><\/figure>\n\n\n\n<p class=\"has-text-color has-very-dark-gray-color\">La noche del 17 de octubre se dieron cita en <em>Cervecer\u00eda Cholula<\/em>, ponentes y asistentes con un solo prop\u00f3sito: Compartir la experiencia&nbsp;<em><strong><a href=\"https:\/\/www.instagram.com\/pechakuchacholula\/\" target=\"_blank\" rel=\"noreferrer noopener\" aria-label=\"Pecha Kucha Cholula (abre en una nueva pesta\u00f1a)\">Pecha Kucha Cholula<\/a><\/strong><\/em>. Este evento con sede en Tokio desde el 2003, incita a las personas del sector creativo a interactuar entre s\u00ed, y generar un espacio de di\u00e1logo profesional, en donde el networking sea m\u00e1s bien visto como un acercamiento m\u00e1s humano y con fines de intercambio laboral.<\/p>\n\n\n\n<p class=\"has-text-color has-very-dark-gray-color\">El tema de esta sexta edici\u00f3n: <em>\u201cPromotores del cambio Creativo\u201d<\/em>, se realiz\u00f3 para acercar a personas que est\u00e1n cuestionando el \u201cstatus quo actual\u201d, consiguiendo efectivas e innovadoras maneras de hacer que las cosas aporten un nuevo valor tangible a la sociedad.&nbsp;<\/p>\n\n\n\n<div class=\"wp-block-image\"><figure class=\"aligncenter is-resized\"><img loading=\"lazy\" decoding=\"async\" src=\"https:\/\/indasocial.com\/INDA\/wp-content\/uploads\/2019\/10\/seis.png\" alt=\"\" class=\"wp-image-1283\" width=\"646\" height=\"376\" srcset=\"https:\/\/indasocial.com\/INDA\/wp-content\/uploads\/2019\/10\/seis.png 1095w, https:\/\/indasocial.com\/INDA\/wp-content\/uploads\/2019\/10\/seis-600x349.png 600w, https:\/\/indasocial.com\/INDA\/wp-content\/uploads\/2019\/10\/seis-800x465.png 800w, https:\/\/indasocial.com\/INDA\/wp-content\/uploads\/2019\/10\/seis-320x186.png 320w, https:\/\/indasocial.com\/INDA\/wp-content\/uploads\/2019\/10\/seis-560x326.png 560w\" sizes=\"(max-width: 646px) 100vw, 646px\" \/><figcaption><a href=\"https:\/\/www.instagram.com\/lupebaezvintage\/\" target=\"_blank\" rel=\"noreferrer noopener\" aria-label=\"Lupe B\u00e1ez (abre en una nueva pesta\u00f1a)\">Lupe B\u00e1ez<\/a><\/figcaption><\/figure><\/div>\n\n\n\n<ul class=\"wp-block-gallery columns-2 is-cropped wp-block-gallery-1 is-layout-flex wp-block-gallery-is-layout-flex\"><li class=\"blocks-gallery-item\"><figure><img loading=\"lazy\" decoding=\"async\" width=\"443\" height=\"673\" src=\"https:\/\/indasocial.com\/INDA\/wp-content\/uploads\/2019\/10\/cuatro.png\" alt=\"\" data-id=\"1282\" data-link=\"https:\/\/indasocial.com\/INDA\/cuatro\/\" class=\"wp-image-1282\" srcset=\"https:\/\/indasocial.com\/INDA\/wp-content\/uploads\/2019\/10\/cuatro.png 443w, https:\/\/indasocial.com\/INDA\/wp-content\/uploads\/2019\/10\/cuatro-320x486.png 320w\" sizes=\"(max-width: 443px) 100vw, 443px\" \/><\/figure><\/li><li class=\"blocks-gallery-item\"><figure><img loading=\"lazy\" decoding=\"async\" width=\"981\" height=\"651\" src=\"https:\/\/indasocial.com\/INDA\/wp-content\/uploads\/2019\/10\/dos.png\" alt=\"\" data-id=\"1279\" data-link=\"https:\/\/indasocial.com\/INDA\/dos\/\" class=\"wp-image-1279\" srcset=\"https:\/\/indasocial.com\/INDA\/wp-content\/uploads\/2019\/10\/dos.png 981w, https:\/\/indasocial.com\/INDA\/wp-content\/uploads\/2019\/10\/dos-600x398.png 600w, https:\/\/indasocial.com\/INDA\/wp-content\/uploads\/2019\/10\/dos-800x531.png 800w, https:\/\/indasocial.com\/INDA\/wp-content\/uploads\/2019\/10\/dos-320x212.png 320w, https:\/\/indasocial.com\/INDA\/wp-content\/uploads\/2019\/10\/dos-560x372.png 560w\" sizes=\"(max-width: 981px) 100vw, 981px\" \/><\/figure><\/li><\/ul>\n\n\n\n<p class=\"has-text-color has-very-dark-gray-color\">La conducci\u00f3n fue llevada a cargo por&nbsp;<strong>Ari Barajas<\/strong>, bloguera, escritora y modelo en tallas reales, que impulsa una campa\u00f1a actualmente en Puebla por una pasarela de moda m\u00e1s inclusiva.&nbsp;<\/p>\n\n\n\n<p class=\"has-text-color has-very-dark-gray-color\"><strong>Sagrado Mercadito, Jard\u00edn Etnobot\u00e1nico Francisco Pel\u00e1ez, Cervecer\u00eda Cholula y Design Week Puebla,<\/strong> retomaron el valor por el desarrollo local, el trueque, la creatividad circular y como apoyarnos dentro de una comunidad m\u00e1s sostenible; fortalece nuestra econom\u00eda, consumo local y relaciones humanas.&nbsp;<\/p>\n\n\n\n<ul class=\"wp-block-gallery columns-2 is-cropped wp-block-gallery-2 is-layout-flex wp-block-gallery-is-layout-flex\"><li class=\"blocks-gallery-item\"><figure><img loading=\"lazy\" decoding=\"async\" width=\"437\" height=\"663\" src=\"https:\/\/indasocial.com\/INDA\/wp-content\/uploads\/2019\/10\/siete.png\" alt=\"\" data-id=\"1284\" data-link=\"https:\/\/indasocial.com\/INDA\/siete\/\" class=\"wp-image-1284\" srcset=\"https:\/\/indasocial.com\/INDA\/wp-content\/uploads\/2019\/10\/siete.png 437w, https:\/\/indasocial.com\/INDA\/wp-content\/uploads\/2019\/10\/siete-320x485.png 320w\" sizes=\"(max-width: 437px) 100vw, 437px\" \/><\/figure><\/li><li class=\"blocks-gallery-item\"><figure><img loading=\"lazy\" decoding=\"async\" width=\"434\" height=\"662\" src=\"https:\/\/indasocial.com\/INDA\/wp-content\/uploads\/2019\/10\/tres.png\" alt=\"\" data-id=\"1280\" data-link=\"https:\/\/indasocial.com\/INDA\/tres\/\" class=\"wp-image-1280\" srcset=\"https:\/\/indasocial.com\/INDA\/wp-content\/uploads\/2019\/10\/tres.png 434w, https:\/\/indasocial.com\/INDA\/wp-content\/uploads\/2019\/10\/tres-320x488.png 320w\" sizes=\"(max-width: 434px) 100vw, 434px\" \/><\/figure><\/li><\/ul>\n\n\n\n<p class=\"has-text-color has-very-dark-gray-color\">Mientras que&nbsp;<strong>Baika Studio<\/strong> y<strong> Fridays For Future Puebla<\/strong>, nos concientizaron sobre nuestras acciones cotidianas en torno a nuestros h\u00e1bitos alimenticios y de salud; pero sobre todo, como llevamos la espiritualidad hacia nuestras vidas diarias. El respeto por la naturaleza y la armon\u00eda, que debemos llevar cada uno de nosotros en torno a ella, fueron puntos claves en estas charlas.&nbsp;<\/p>\n\n\n\n<p class=\"has-text-color has-very-dark-gray-color\"><strong>Punto Seis <\/strong>y<strong> MajoSah,&nbsp;<\/strong>abordaron la problem\u00e1tica actual que enfrentan los artistas creativos ante las instituciones culturales y educativas en nuestro pa\u00eds. Nos mostraron que mediante la b\u00fasqueda de nuevas alternativas, espacios, intervenciones culturales y acciones art\u00edsticas; podemos fomentar el di\u00e1logo creativo en nuestra comunidad, a\u00fan sin contar con el apoyo del gobierno y\/o el sector educativo.&nbsp;<\/p>\n\n\n\n<ul class=\"wp-block-gallery columns-2 is-cropped wp-block-gallery-3 is-layout-flex wp-block-gallery-is-layout-flex\"><li class=\"blocks-gallery-item\"><figure><img loading=\"lazy\" decoding=\"async\" width=\"1013\" height=\"661\" src=\"https:\/\/indasocial.com\/INDA\/wp-content\/uploads\/2019\/10\/diez.png\" alt=\"\" data-id=\"1287\" data-link=\"https:\/\/indasocial.com\/INDA\/diez\/\" class=\"wp-image-1287\" srcset=\"https:\/\/indasocial.com\/INDA\/wp-content\/uploads\/2019\/10\/diez.png 1013w, https:\/\/indasocial.com\/INDA\/wp-content\/uploads\/2019\/10\/diez-600x392.png 600w, https:\/\/indasocial.com\/INDA\/wp-content\/uploads\/2019\/10\/diez-800x522.png 800w, https:\/\/indasocial.com\/INDA\/wp-content\/uploads\/2019\/10\/diez-320x209.png 320w, https:\/\/indasocial.com\/INDA\/wp-content\/uploads\/2019\/10\/diez-560x365.png 560w\" sizes=\"(max-width: 1013px) 100vw, 1013px\" \/><\/figure><\/li><li class=\"blocks-gallery-item\"><figure><img loading=\"lazy\" decoding=\"async\" width=\"738\" height=\"678\" src=\"https:\/\/indasocial.com\/INDA\/wp-content\/uploads\/2019\/10\/nueve.png\" alt=\"\" data-id=\"1285\" data-link=\"https:\/\/indasocial.com\/INDA\/nueve\/\" class=\"wp-image-1285\" srcset=\"https:\/\/indasocial.com\/INDA\/wp-content\/uploads\/2019\/10\/nueve.png 738w, https:\/\/indasocial.com\/INDA\/wp-content\/uploads\/2019\/10\/nueve-600x551.png 600w, https:\/\/indasocial.com\/INDA\/wp-content\/uploads\/2019\/10\/nueve-320x294.png 320w, https:\/\/indasocial.com\/INDA\/wp-content\/uploads\/2019\/10\/nueve-560x514.png 560w\" sizes=\"(max-width: 738px) 100vw, 738px\" \/><\/figure><\/li><\/ul>\n\n\n\n<p class=\"has-text-color has-very-dark-gray-color\">Finalmente&nbsp;<strong>TEDxPuebla&nbsp;<\/strong>cerr\u00f3 las ponencias con un mensaje acogedor, lleno de optimismo y apoyo hacia las nuevas generaciones en Puebla. A pesar de contar con pocos fondos privados y difusi\u00f3n medi\u00e1tica,<strong>TEDxPuebla<\/strong> nos ense\u00f1a que siempre hay una forma de solucionar los problemas que enfrentamos; s\u00f3lo necesitamos apoyarnos entre todos y trabajar m\u00e1s emp\u00e1ticamente, sin competencias, enfocados m\u00e1s hacia lo que hacemos por los dem\u00e1s y como podemos ayudarnos para fortalecer nuestros lazos, entre seres humanos.&nbsp;<\/p>\n\n\n\n<ul class=\"wp-block-gallery columns-2 is-cropped wp-block-gallery-4 is-layout-flex wp-block-gallery-is-layout-flex\"><li class=\"blocks-gallery-item\"><figure><img loading=\"lazy\" decoding=\"async\" width=\"584\" height=\"681\" src=\"https:\/\/indasocial.com\/INDA\/wp-content\/uploads\/2019\/10\/once.png\" alt=\"\" data-id=\"1288\" data-link=\"https:\/\/indasocial.com\/INDA\/once\/\" class=\"wp-image-1288\" srcset=\"https:\/\/indasocial.com\/INDA\/wp-content\/uploads\/2019\/10\/once.png 584w, https:\/\/indasocial.com\/INDA\/wp-content\/uploads\/2019\/10\/once-320x373.png 320w, https:\/\/indasocial.com\/INDA\/wp-content\/uploads\/2019\/10\/once-560x653.png 560w\" sizes=\"(max-width: 584px) 100vw, 584px\" \/><\/figure><\/li><li class=\"blocks-gallery-item\"><figure><img loading=\"lazy\" decoding=\"async\" width=\"472\" height=\"679\" src=\"https:\/\/indasocial.com\/INDA\/wp-content\/uploads\/2019\/10\/doce.png\" alt=\"\" data-id=\"1289\" data-link=\"https:\/\/indasocial.com\/INDA\/doce\/\" class=\"wp-image-1289\" srcset=\"https:\/\/indasocial.com\/INDA\/wp-content\/uploads\/2019\/10\/doce.png 472w, https:\/\/indasocial.com\/INDA\/wp-content\/uploads\/2019\/10\/doce-320x460.png 320w\" sizes=\"(max-width: 472px) 100vw, 472px\" \/><\/figure><\/li><\/ul>\n\n\n\n<div class=\"wp-block-image\"><figure class=\"aligncenter is-resized\"><img loading=\"lazy\" decoding=\"async\" src=\"https:\/\/indasocial.com\/INDA\/wp-content\/uploads\/2019\/10\/cinco.png\" alt=\"\" class=\"wp-image-1281\" width=\"634\" height=\"419\" srcset=\"https:\/\/indasocial.com\/INDA\/wp-content\/uploads\/2019\/10\/cinco.png 994w, https:\/\/indasocial.com\/INDA\/wp-content\/uploads\/2019\/10\/cinco-600x397.png 600w, https:\/\/indasocial.com\/INDA\/wp-content\/uploads\/2019\/10\/cinco-800x529.png 800w, https:\/\/indasocial.com\/INDA\/wp-content\/uploads\/2019\/10\/cinco-320x212.png 320w, https:\/\/indasocial.com\/INDA\/wp-content\/uploads\/2019\/10\/cinco-560x370.png 560w\" sizes=\"(max-width: 634px) 100vw, 634px\" \/><\/figure><\/div>\n\n\n\n<p class=\"has-text-color has-very-dark-gray-color\"><strong>Pecha Kucha Nights Cholula,&nbsp;<\/strong>son noches de networking, buen cuchicheo, y amigos. Noches que ponen a prueba nuestra capacidad para relacionarnos y empatizar entre todos.<\/p>\n\n\n\n<div class=\"wp-block-image\"><figure class=\"aligncenter is-resized\"><img loading=\"lazy\" decoding=\"async\" src=\"https:\/\/indasocial.com\/INDA\/wp-content\/uploads\/2019\/10\/uno.png\" alt=\"\" class=\"wp-image-1278\" width=\"637\" height=\"398\" srcset=\"https:\/\/indasocial.com\/INDA\/wp-content\/uploads\/2019\/10\/uno.png 989w, https:\/\/indasocial.com\/INDA\/wp-content\/uploads\/2019\/10\/uno-600x375.png 600w, https:\/\/indasocial.com\/INDA\/wp-content\/uploads\/2019\/10\/uno-800x500.png 800w, https:\/\/indasocial.com\/INDA\/wp-content\/uploads\/2019\/10\/uno-320x200.png 320w, https:\/\/indasocial.com\/INDA\/wp-content\/uploads\/2019\/10\/uno-560x350.png 560w\" sizes=\"(max-width: 637px) 100vw, 637px\" \/><figcaption><a href=\"https:\/\/www.instagram.com\/cecifluir\/\" target=\"_blank\" rel=\"noreferrer noopener\" aria-label=\"Ceci Fluir (abre en una nueva pesta\u00f1a)\">Ceci Fluir<\/a><\/figcaption><\/figure><\/div>\n\n\n\n<p class=\"has-small-font-size\"><a rel=\"noreferrer noopener\" href=\"https:\/\/www.instagram.com\/ruben7914\/\" target=\"_blank\">Fotos por @ruben7914<\/a><\/p>\n","protected":false},"excerpt":{"rendered":"<p>La noche del 17 de octubre se dieron cita en Cervecer\u00eda Cholula, ponentes y asistentes con un solo prop\u00f3sito: Compartir la experiencia&nbsp;Pecha Kucha Cholula. Este evento con sede en Tokio desde el 2003, incita a las personas del sector creativo a interactuar entre s\u00ed, y generar un espacio de di\u00e1logo profesional, en donde el networking [&hellip;]<\/p>\n","protected":false},"author":1,"featured_media":1278,"comment_status":"open","ping_status":"closed","sticky":false,"template":"","format":"standard","meta":{"footnotes":""},"categories":[747,748],"tags":[],"_links":{"self":[{"href":"https:\/\/indasocial.com\/INDA\/wp-json\/wp\/v2\/posts\/1277"}],"collection":[{"href":"https:\/\/indasocial.com\/INDA\/wp-json\/wp\/v2\/posts"}],"about":[{"href":"https:\/\/indasocial.com\/INDA\/wp-json\/wp\/v2\/types\/post"}],"author":[{"embeddable":true,"href":"https:\/\/indasocial.com\/INDA\/wp-json\/wp\/v2\/users\/1"}],"replies":[{"embeddable":true,"href":"https:\/\/indasocial.com\/INDA\/wp-json\/wp\/v2\/comments?post=1277"}],"version-history":[{"count":10,"href":"https:\/\/indasocial.com\/INDA\/wp-json\/wp\/v2\/posts\/1277\/revisions"}],"predecessor-version":[{"id":1299,"href":"https:\/\/indasocial.com\/INDA\/wp-json\/wp\/v2\/posts\/1277\/revisions\/1299"}],"wp:featuredmedia":[{"embeddable":true,"href":"https:\/\/indasocial.com\/INDA\/wp-json\/wp\/v2\/media\/1278"}],"wp:attachment":[{"href":"https:\/\/indasocial.com\/INDA\/wp-json\/wp\/v2\/media?parent=1277"}],"wp:term":[{"taxonomy":"category","embeddable":true,"href":"https:\/\/indasocial.com\/INDA\/wp-json\/wp\/v2\/categories?post=1277"},{"taxonomy":"post_tag","embeddable":true,"href":"https:\/\/indasocial.com\/INDA\/wp-json\/wp\/v2\/tags?post=1277"}],"curies":[{"name":"wp","href":"https:\/\/api.w.org\/{rel}","templated":true}]}}